{"id":524314,"date":"2023-09-01T08:05:54","date_gmt":"2023-09-01T06:05:54","guid":{"rendered":"https:\/\/www.atreus.de\/?p=524314"},"modified":"2024-09-30T16:12:04","modified_gmt":"2024-09-30T14:12:04","slug":"cybersecurite-pourquoi-les-entreprises-doivent-se-poser-la-question-de-la-mentalite","status":"publish","type":"post","link":"https:\/\/www.atreus.de\/fr\/atreus-dans-les-medias\/cybersecurite-pourquoi-les-entreprises-doivent-se-poser-la-question-de-la-mentalite\/","title":{"rendered":"Cybers\u00e9curit\u00e9&nbsp;: pourquoi les entreprises doivent se poser la question de la mentalit\u00e9"},"content":{"rendered":"<div  class=\"zw-cgb header-standard-block is-first-block desktop-has-image mobile-has-image default-margin white-color content-right content-down zw-atr-portrait-pos-default zw-atr-landscape-pos-right-top height-default \"><div class=\"row\"><div class=\"zw-cgb-content col-12 mx-auto\"><div  class=\"header-standard-inner-container\"><div class=\"bg-image\"><span class=\"copyright-image d-none d-lg-block\">\u00a9 Gorodenkoff \u2013 stock.adobe.com<\/span><img decoding=\"async\" class=\"respnsive-img d-none d-lg-block\" loading=\"lazy\" alt=\"atreus_\" src=\"https:\/\/www.atreus.de\/wp-content\/uploads\/2023\/08\/header-20230829-presseartikel-cybersecurity.jpg\" srcset=\"https:\/\/www.atreus.de\/wp-content\/uploads\/2023\/08\/header-20230829-presseartikel-cybersecurity.jpg 1920w, https:\/\/www.atreus.de\/wp-content\/uploads\/2023\/08\/header-20230829-presseartikel-cybersecurity-768x432.jpg 768w, https:\/\/www.atreus.de\/wp-content\/uploads\/2023\/08\/header-20230829-presseartikel-cybersecurity-1024x576.jpg 1024w, https:\/\/www.atreus.de\/wp-content\/uploads\/2023\/08\/header-20230829-presseartikel-cybersecurity-480x270.jpg 480w, https:\/\/www.atreus.de\/wp-content\/uploads\/2023\/08\/header-20230829-presseartikel-cybersecurity-1440x810.jpg 1440w\" sizes=\"(max-width: 1920px) 100vw, 1920px\" style=\"aspect-ratio:1920\/1080 !important\" title=\"atreus_\"><span class=\"copyright-image d-lg-none d-block\"><\/span><img decoding=\"async\" class=\"responsive-img d-lg-none d-block\" loading=\"lazy\" alt=\"atreus_\" src=\"https:\/\/www.atreus.de\/wp-content\/uploads\/2023\/08\/teaser-4zu3-20230829-presseartikel-cybersecurity.jpg\" srcset=\"https:\/\/www.atreus.de\/wp-content\/uploads\/2023\/08\/teaser-4zu3-20230829-presseartikel-cybersecurity.jpg 823w, https:\/\/www.atreus.de\/wp-content\/uploads\/2023\/08\/teaser-4zu3-20230829-presseartikel-cybersecurity-768x578.jpg 768w, https:\/\/www.atreus.de\/wp-content\/uploads\/2023\/08\/teaser-4zu3-20230829-presseartikel-cybersecurity-480x361.jpg 480w\" sizes=\"(max-width: 1024px) 100vw, 1024px\" style=\"aspect-ratio:823\/619 !important\" title=\"atreus_\"><\/div><div class=\"preheadline-container\"><div class=\"zw-breadcrumb-container black-color d-md-down-none\"><\/div><p class=\" zw-cgb preheadline zw-prevent-animation\">Atreus dans les m\u00e9dias<\/p><h1 class=\" zw-cgb headline zw-prevent-animation\">Pourquoi les entreprises doivent se poser la question de la mentalit\u00e9<\/h1><\/div><\/div><\/div><\/div><\/div><div class=\"zw-breadcrumb-container black-color d-none d-md-down-block\"><nav aria-label=\"breadcrumbs\" class=\"rank-math-breadcrumb\"><p><span class=\"label\">c<\/span> <a href=\"https:\/\/www.atreus.de\/fr\">Home<\/a><span class=\"separator\"> c <\/span><a href=\"https:\/\/www.atreus.de\/fr\/publications-et-evenements\/mediatheque\/\">Actualit\u00e9s<\/a><span class=\"separator\"> c <\/span><span class=\"last\"><\/span><\/p><\/nav><\/div><div class=\"post-meta-info-container in-blog-post\"><div class=\"in-blog-post post-read-time\"><p class=\"zw-cgb fulltext\"><i class=\"far fa-clock\"><\/i>3 temps de lecture min<\/p><\/div><div class=\"post-rating-container d-none\"><!-- FeedbackWP Plugin - Results Widget --><div  class=\"rmp-results-widget js-rmp-results-widget js-rmp-results-widget--524314 \"  data-post-id=\"524314\">  <div class=\"rmp-results-widget__visual-rating\">    <i class=\"js-rmp-results-icon rmp-icon rmp-icon--ratings rmp-icon--star \"><\/i><i class=\"js-rmp-results-icon rmp-icon rmp-icon--ratings rmp-icon--star \"><\/i><i class=\"js-rmp-results-icon rmp-icon rmp-icon--ratings rmp-icon--star \"><\/i><i class=\"js-rmp-results-icon rmp-icon rmp-icon--ratings rmp-icon--star \"><\/i><i class=\"js-rmp-results-icon rmp-icon rmp-icon--ratings rmp-icon--star \"><\/i>  <\/div>  <div class=\"rmp-results-widget__avg-rating\">    <span class=\"js-rmp-avg-rating\">          <\/span>  <\/div>  <div class=\"rmp-results-widget__vote-count\">    (<span class=\"js-rmp-vote-count\"><\/span>)  <\/div><\/div> <\/div><div class=\"post-social-share\"><div class=\"zw-social-share dropdown show\">\r\n        <a class=\"zw-social-share-toggler\" href=\"#\" role=\"button\" id=\"dropdownMenuLink\" data-toggle=\"dropdown\" aria-haspopup=\"true\" aria-expanded=\"false\">\r\n        <i class=\"fas fa-share-alt\"><\/i><span class=\"zw-share-meta\">Partager<\/span>\r\n        <\/a>\r\n        <div class=\"zw-share-dropdown-menu dropdown-menu\" aria-labelledby=\"dropdownMenuLink\"><div class=\"dropdown-inner\"><p class=\"zw-share-heading fulltext\">Partager<\/p><a class=\"zw-social-share-toggler fulltext\" href=\"#\" role=\"button\" id=\"dropdownMenuLink\" data-toggle=\"dropdown\" aria-label=\"Close\">\u2715<\/a><div class=\"social-inner-icons\"><a class=\"dropdown-item \" target=\"_blank\" rel=\"nofollow\" href=\"https:\/\/www.linkedin.com\/cws\/share?url=https%3A%2F%2Fwww.atreus.de%2Ffr%2Fatreus-dans-les-medias%2Fcybersecurite-pourquoi-les-entreprises-doivent-se-poser-la-question-de-la-mentalite%2F&amp;title=Cybers%C3%A9curit%C3%A9%26nbsp%3B%3A+pourquoi+les+entreprises+doivent+se+poser+la+question+de+la+mentalit%C3%A9\"><i class=\"fab fa-linkedin fa-fw\"><\/i><\/a><a class=\"dropdown-item \" target=\"_blank\" rel=\"nofollow\" href=\"https:\/\/www.xing.com\/spi\/shares\/new?url=https%3A%2F%2Fwww.atreus.de%2Ffr%2Fatreus-dans-les-medias%2Fcybersecurite-pourquoi-les-entreprises-doivent-se-poser-la-question-de-la-mentalite%2F\"><i class=\"fab fa-xing fa-fw\"><\/i><\/a><a class=\"dropdown-item \" target=\"_blank\" rel=\"nofollow\" href=\"https:\/\/www.facebook.com\/sharer\/sharer.php?u=https%3A%2F%2Fwww.atreus.de%2Ffr%2Fatreus-dans-les-medias%2Fcybersecurite-pourquoi-les-entreprises-doivent-se-poser-la-question-de-la-mentalite%2F&amp;t=Cybers%C3%A9curit%C3%A9%26nbsp%3B%3A+pourquoi+les+entreprises+doivent+se+poser+la+question+de+la+mentalit%C3%A9\"><i class=\"fab fa-facebook-square fa-fw\"><\/i><\/a><a class=\"dropdown-item \"  target=\"_blank\" rel=\"nofollow\" href=\"https:\/\/twitter.com\/intent\/tweet?url=https%3A%2F%2Fwww.atreus.de%2Ffr%2Fatreus-dans-les-medias%2Fcybersecurite-pourquoi-les-entreprises-doivent-se-poser-la-question-de-la-mentalite%2F&amp;text=Cybers%C3%A9curit%C3%A9%26nbsp%3B%3A+pourquoi+les+entreprises+doivent+se+poser+la+question+de+la+mentalit%C3%A9\"><i class=\"fab fa-twitter fa-fw\"><\/i><\/a>  <\/div><\/div><\/div>\r\n    <\/div><\/div><div class=\"post-rating-block\"><!-- Rate my Post Plugin --><div  class=\"rmp-widgets-container rmp-wp-plugin rmp-main-container js-rmp-widgets-container my-0 js-rmp-widgets-container--524314 \"  data-post-id=\"524314\">    <!-- Rating widget -->  <div class=\"rmp-rating-widget js-rmp-rating-widget py-0\">    <div class=\"rmp-rating-widget__icons my-0\">      <div class=\"btn btn-primary\" onclick=\"zw_show_rating_stars(jQuery(this))\">\u00c9valuez nous<\/div>      <ul class=\"rmp-rating-widget__icons-list js-rmp-rating-icons-list d-none\">                  <li class=\"rmp-rating-widget__icons-list__icon js-rmp-rating-item\" data-descriptive-rating=\"Not at all useful\" data-value=\"1\">            <i class=\"js-rmp-rating-icon rmp-icon rmp-icon--ratings rmp-icon--star\"><\/i>          <\/li>                  <li class=\"rmp-rating-widget__icons-list__icon js-rmp-rating-item\" data-descriptive-rating=\"Somewhat useful\" data-value=\"2\">            <i class=\"js-rmp-rating-icon rmp-icon rmp-icon--ratings rmp-icon--star\"><\/i>          <\/li>                  <li class=\"rmp-rating-widget__icons-list__icon js-rmp-rating-item\" data-descriptive-rating=\"Useful\" data-value=\"3\">            <i class=\"js-rmp-rating-icon rmp-icon rmp-icon--ratings rmp-icon--star\"><\/i>          <\/li>                  <li class=\"rmp-rating-widget__icons-list__icon js-rmp-rating-item\" data-descriptive-rating=\"Fairly useful\" data-value=\"4\">            <i class=\"js-rmp-rating-icon rmp-icon rmp-icon--ratings rmp-icon--star\"><\/i>          <\/li>                  <li class=\"rmp-rating-widget__icons-list__icon js-rmp-rating-item\" data-descriptive-rating=\"Very useful\" data-value=\"5\">            <i class=\"js-rmp-rating-icon rmp-icon rmp-icon--ratings rmp-icon--star\"><\/i>          <\/li>              <\/ul>    <\/div>    <button class=\"rmp-rating-widget__submit-btn rmp-btn js-submit-rating-btn my-0\">      Submit Rating    <\/button>    <p class=\"rmp-rating-widget__not-rated js-rmp-not-rated my-0 rmp-rating-widget__not-rated--hidden\">      No votes so far! Be the first to rate this post.    <\/p>    <p class=\"rmp-rating-widget__msg js-rmp-msg black-color my-0\"><\/p>  <\/div>  <!--Structured data -->    <\/div><\/div><\/div>\n\n\n    <div  class=\"zw-cgb  textblock black-color zw-content-pos-center  default-margin \">\n      <div class=\"row\">\n        <div class=\"zw-cgb-content col-12 g-0\">\n          <h2 class=\"zw-cgb headline \"><strong>Tribune d\u2019Uwe Gehrmann, directeur d\u2019Atreus<\/strong>, dans le Tagesspiegel Background <strong>du 23 ao\u00fbt 2023.<\/strong><\/h2><p class=\" zw-cgb fulltext \">Depuis longtemps, la cybers\u00e9curit\u00e9 n\u2019est plus seulement une question de s\u00e9curit\u00e9, mais devient de plus en plus un probl\u00e8me op\u00e9rationnel. De nos jours, les entreprises sont pirat\u00e9es tous les jours, ce qui entra\u00eene d\u2019immenses dommages \u00e9conomiques. Il est temps que les entreprises repensent fondamentalement leur mentalit\u00e9 en mati\u00e8re de cybers\u00e9curit\u00e9 et adoptent de nouvelles approches, exige Uwe Gehrmann.<\/p>        <\/div>\n      <\/div>\n    <\/div>\n\n\n\n\r\n    <div  class=\"zw-cgb  intern-zitat-style  zitat-block black-color default-margin default-padding \">\r\n      <div class=\"row zitat-row\">\r\n        <div class=\" image-container g-0 order-1 order-lg-2  col-menu-5 col-12 \">\r\n          <a href=\"https:\/\/www.atreus.de\/fr\/equipe\/uwe-gehrmann\/\">          <div class=\"img-with-gradient\">\r\n\r\n            <span class=\"copyright-image\"><\/span><img decoding=\"async\" loading=\"lazy\" alt=\"atreus_\" src=\"https:\/\/www.atreus.de\/wp-content\/uploads\/2023\/07\/geh-uw-v2.png\" srcset=\"https:\/\/www.atreus.de\/wp-content\/uploads\/2023\/07\/geh-uw-v2.png 555w, https:\/\/www.atreus.de\/wp-content\/uploads\/2023\/07\/geh-uw-v2-480x600.png 480w\" sizes=\"(max-width: 1024px) 100vw, 1024px\" style=\"aspect-ratio:555\/694 !important\" title=\"atreus_\">            <div class=\"linear-gradient-container\"><\/div>\r\n          <\/div>\r\n\r\n\r\n\r\n          <div class=\"zitat-img-text-container\"><div class=\"zitat-name-container fulltext\"><span>Uwe Gehrmann<\/span><\/div><div class=\"zitat-discription-container fulltext\"><span>Partenaire et responsable du Solution Group IT\/Digitalisation\/Data<\/span><\/div><\/div>          <\/a>        <\/div>\r\n        <div class=\"g-0 zitat-text-container order-2 order-lg-1 col-menu-7 col-12 \">\r\n          <div class=\"zitat-text\"><span class=\"zitat-start-icon atreus-font\">D<\/span><p class=\"zw-cgb fulltext\">\u201eLa gravit\u00e9 d\u2019un grand nombre d\u2019attaques pourrait \u00eatre r\u00e9duite si certains facteurs fondamentaux \u00e9taient pris en compte et si une culture d\u2019entreprise marqu\u00e9e par la cybers\u00e9curit\u00e9 pouvait \u00eatre \u00e9tablie de mani\u00e8re g\u00e9n\u00e9rale.\u201c<\/p><\/div>                  <\/div>\r\n\r\n      <\/div>\r\n    <\/div>\r\n\n\n\n    <div  class=\"zw-cgb  textblock black-color zw-content-pos-center  default-margin \">\n      <div class=\"row\">\n        <div class=\"zw-cgb-content col-12 g-0\">\n          <h2 class=\"zw-cgb headline \"><strong>Un changement de mentalit\u00e9 s\u2019impose<\/strong><\/h2><p class=\" zw-cgb fulltext \">Les attaques de pirates informatiques contre les entreprises sont souvent dues \u00e0 un manque de prudence. Pourtant, nombre de ces attaques pourraient \u00eatre r\u00e9duites, du moins dans leur gravit\u00e9, si les facteurs de s\u00e9curit\u00e9 fondamentaux \u00e9taient pris en compte et si une culture d\u2019entreprise empreinte de cybers\u00e9curit\u00e9 \u00e9tait \u00e9tablie.<\/p><p class=\" zw-cgb fulltext \">Les entreprises ne devraient plus attendre le prochain incident pour proc\u00e9der \u00e0 des changements. Au lieu d\u2019une approche r\u00e9active, il faudrait \u00e9tablir une attitude proactive pour se prot\u00e9ger contre les cybermenaces. Une gestion r\u00e9ussie des incidents de cybers\u00e9curit\u00e9 n\u00e9cessite des connaissances sp\u00e9cialis\u00e9es, des comp\u00e9tences de gestion et une approche syst\u00e9matique.<\/p>        <\/div>\n      <\/div>\n    <\/div>\n\n\n\n\n    <div  class=\"zw-cgb  textblock black-color zw-content-pos-center  default-margin \">\n      <div class=\"row\">\n        <div class=\"zw-cgb-content col-12 g-0\">\n          <h2 class=\"zw-cgb headline \"><strong>Des mesures de s\u00e9curit\u00e9 fondamentales sont indispensables<\/strong><\/h2><p class=\" zw-cgb fulltext \">La pr\u00e9vention des cyberattaques est au centre des pr\u00e9occupations. La cybers\u00e9curit\u00e9 doit faire partie int\u00e9grante de la culture d\u2019entreprise et jouer un r\u00f4le d\u00e9cisif dans chaque d\u00e9cision d\u2019entreprise. Cela implique des mesures de s\u00e9curit\u00e9 robustes telles que des pare-feu, des mises \u00e0 jour r\u00e9guli\u00e8res et des politiques de mot de passe strictes. Ces mesures doivent \u00eatre r\u00e9guli\u00e8rement revues, adapt\u00e9es aux nouveaux processus commerciaux et mises \u00e0 jour.<\/p><p class=\" zw-cgb fulltext \">La g\u00e9n\u00e9ralisation croissante du t\u00e9l\u00e9travail apr\u00e8s la pand\u00e9mie de Covid pose de nouveaux d\u00e9fis aux entreprises, qui doivent \u00eatre plus largement sensibilis\u00e9es \u00e0 la s\u00e9curit\u00e9. Les syst\u00e8mes de surveillance continue sont essentiels pour d\u00e9tecter rapidement toute activit\u00e9 suspecte. Les informations de s\u00e9curit\u00e9 et les outils de gestion des \u00e9v\u00e9nements (SIEM) peuvent jouer un r\u00f4le \u00e0 cet \u00e9gard. Les aspects techniques et organisationnels de la s\u00e9curit\u00e9 constituent la base d\u2019une gestion globale de la cybers\u00e9curit\u00e9 dans les entreprises.<\/p>        <\/div>\n      <\/div>\n    <\/div>\n\n\n\n\n    <div  class=\"zw-cgb  textblock black-color zw-content-pos-center  default-margin \">\n      <div class=\"row\">\n        <div class=\"zw-cgb-content col-12 g-0\">\n          <h2 class=\"zw-cgb headline \"><strong>Les plans d\u2019urgence doivent \u00eatre tenus \u00e0 jour<\/strong><\/h2><p class=\" zw-cgb fulltext \">Il est essentiel de disposer d\u2019une proc\u00e9dure clairement d\u00e9finie et document\u00e9e pour r\u00e9agir aux incidents. Cette proc\u00e9dure doit contenir des instructions sp\u00e9cifiques pour l\u2019escalade des incidents, la notification des parties prenantes concern\u00e9es et la coordination des actions.<\/p><p class=\" zw-cgb fulltext \">Il est important de veiller \u00e0 ce que la proc\u00e9dure soit constamment mise \u00e0 jour et adapt\u00e9e aux nouveaux sc\u00e9narios de menaces. Tous les collaborateurs doivent avoir acc\u00e8s aux documents pertinents. Cela n\u00e9cessite une int\u00e9gration de la proc\u00e9dure dans la culture de l\u2019entreprise.<\/p>        <\/div>\n      <\/div>\n    <\/div>\n\n\n\n\n    <div  class=\"zw-cgb  textblock black-color zw-content-pos-center  default-margin \">\n      <div class=\"row\">\n        <div class=\"zw-cgb-content col-12 g-0\">\n          <h2 class=\"zw-cgb headline \"><strong>La rapidit\u00e9 de r\u00e9action est essentielle<\/strong><\/h2><p class=\" zw-cgb fulltext \">En cas d\u2019incident, des mesures imm\u00e9diates doivent \u00eatre prises pour limiter l\u2019impact et stopper la propagation de l\u2019attaque. Ici, chaque seconde compte. Il est n\u00e9cessaire de d\u00e9connecter imm\u00e9diatement les syst\u00e8mes infect\u00e9s du r\u00e9seau et de bloquer le trafic suspect. La sensibilisation des employ\u00e9s et des cadres est indispensable.<\/p>        <\/div>\n      <\/div>\n    <\/div>\n\n\n\n\n    <div  class=\"zw-cgb  textblock black-color zw-content-pos-center  default-margin \">\n      <div class=\"row\">\n        <div class=\"zw-cgb-content col-12 g-0\">\n          <h2 class=\"zw-cgb headline \">R\u00e9sum\u00e9 et perspectives<\/h2><p class=\" zw-cgb fulltext \">Pour relever les d\u00e9fis de la cybers\u00e9curit\u00e9, il faut une culture d\u2019entreprise durable en mati\u00e8re de protection. Il est essentiel de passer rapidement d\u2019une approche r\u00e9active \u00e0 une approche proactive, de renforcer la s\u00e9curit\u00e9 des bureaux \u00e0 domicile et de communiquer activement en cas d\u2019attaque. Les entreprises qui am\u00e9liorent continuellement leur strat\u00e9gie de cybers\u00e9curit\u00e9 et tirent les le\u00e7ons des crises seront en mesure de s\u2019imposer dans un monde de plus en plus interconnect\u00e9.<\/p>        <\/div>\n      <\/div>\n    <\/div>\n\n\n\n\n    <div  class=\"zw-cgb  textblock black-color zw-content-pos-center  default-margin \">\n      <div class=\"row\">\n        <div class=\"zw-cgb-content col-12 g-0\">\n          <p class=\" zw-cgb fulltext \"><strong>Source&nbsp;: Tagesspiegel <strong>Background<\/strong>, tribune de Uwe Gehrmann, publi\u00e9e le 23 ao\u00fbt 2023<\/strong><\/p><p class=\" zw-cgb fulltext \"><\/p><div class=\"zw-cgb unspecified\">\n    <div  class=\"zw-cgb  buttonBlock black-color default-margin \">\n      <div class=\"row\">\n        <div class=\"col-12 g-0\">\n          <div class=\"zw-button-container center\"><div class=\"zw-cgb zw-cgb-button-container \"><a class=\"zw-cgb btn btn-primary \" href=\"https:\/\/background.tagesspiegel.de\/cybersecurity\/warum-sich-unternehmen-die-mentalitaetsfrage-stellen-muessen\" target=\"_blank\" rel=\"noopener\">Vers l\u2019article (Tagesspiegel Background)<\/a><\/div><\/div>        <\/div>\n      <\/div>\n    <\/div>\n\n<\/div>        <\/div>\n      <\/div>\n    <\/div>\n\n\n\n\n<div style=\"height:100px\" aria-hidden=\"true\" class=\"wp-block-spacer\"><\/div>\n\n\n    <div  class=\"zw-cgb    infoblock default-margin black-color  \">\n      <div class=\" row\">\n        <div class=\"zw-cgb-content has-padding col-12\">\n          <div class=\"preheadline-container parent-has-padding\"><p class=\" zw-cgb preheadline ' .  . '\">Vos contacts<\/p><\/div><div class=\"inner-content parent-has-padding\"><p class=\" zw-cgb fulltext \">Se tient \u00e0 votre enti\u00e8re disposition et se fera un plaisir de r\u00e9pondre \u00e0 vos questions.<\/p><div class=\"link-container\"><\/div><\/div>        <\/div>\n      <\/div>\n    <\/div>\n\n\n<div id=\"parent51148\"class=\"zw-cgb speaker-160 team-member black-colordefault-margin \"><div class=\"zw-cgb-content member-row row\">\r\n\r\n    <div class=\"col-menu-3 col-lg-4 col-md-6 col-12 single-team-member px-0 intern-view \">\r\n    <a href=\"https:\/\/www.atreus.de\/fr\/equipe\/uwe-gehrmann\/\">\r\n\r\n    <div class=\" image-container g-0\">\r\n      <div class=\"img-with-gradient\">\r\n\r\n        <img decoding=\"async\" loading=\"lazy\" alt=\"atreus_\" src=\"https:\/\/www.atreus.de\/wp-content\/uploads\/2023\/07\/geh-uw-v2.png\" srcset=\"https:\/\/www.atreus.de\/wp-content\/uploads\/2023\/07\/geh-uw-v2.png 555w, https:\/\/www.atreus.de\/wp-content\/uploads\/2023\/07\/geh-uw-v2-480x600.png 480w\" sizes=\"(max-width: 1024px) 100vw, 1024px\" style=\"aspect-ratio:555\/694 !important\" title=\"atreus_\">        <div class=\"linear-gradient-container\"><\/div>\r\n      <\/div>\r\n\r\n      <\/a>      <div class=\"team-member-content\"><div class=\"team-member-name fulltext\"><a href=\"https:\/\/www.atreus.de\/fr\/equipe\/uwe-gehrmann\/\"><span>Uwe Gehrmann<\/span><\/a><\/div><div class=\"team-member-description fulltext\"><a href=\"https:\/\/www.atreus.de\/fr\/equipe\/uwe-gehrmann\/\"><span>Partenaire et responsable du Solution Group IT\/Digitalisation\/Data<\/span><\/a><\/div><div class=\"team-member-phone\"><a href=\"tel:+49 89 452249-460\"><span>+49 89 452249-460<\/span><\/a><\/div><div class=\"team-member-icon-container\"><div class=\"team-member-email\"><a class=\"atreus-font\" href=\"mailto:Uwe.Gehrmann@Atreus.de\">h<\/a><\/div><div class=\"team-member-linkedin\"><a class=\"atreus-font\" target=\"_blank\" href=\"https:\/\/www.linkedin.com\/in\/uwegehrmann\/\" rel=\"noopener\">3<\/a><\/div><\/div><\/div>    <\/div>\r\n\r\n    <\/div>\r\n\r\n<\/div><\/div>\n\n\n<div style=\"height:100px\" aria-hidden=\"true\" class=\"wp-block-spacer\"><\/div>\n\n\n    <div  class=\"zw-cgb  change-padding  infoblock default-margin black-color  \">\n      <div class=\" row\">\n        <div class=\"zw-cgb-content has-padding col-12\">\n          <div class=\"preheadline-container parent-has-padding\"><p class=\" zw-cgb preheadline ' .  . '\">Cet article pourrait \u00e9galement vous int\u00e9resser<\/p><\/div><div class=\"inner-content parent-has-padding\"><div class=\"link-container\"><\/div><\/div>        <\/div>\n      <\/div>\n    <\/div>\n\n\n\n    <div  class=\"zw-cgb  latestPosts default-margin \">\n      <div class=\"row zw-cgb-content\">\n        \n      <div  class=\"zw-cgb latestPostsContent px-0 col-12 post content-2-3  show-featured-image \">\n\n\n        <div class=\"image-container single-featured\"><a href=\"https:\/\/www.atreus.de\/fr\/atreus-dans-les-medias\/intelligence-artificielle-lia-doit-etre-rendue-tangible-pour-les-collaborateurs\/\"><span class=\"copyright-image\"><\/span><img decoding=\"async\" loading=\"lazy\" alt=\"atreus_\" src=\"https:\/\/www.atreus.de\/wp-content\/uploads\/2023\/08\/teaser-4zu3-20230829-presseartikel-ki.jpg\" srcset=\"https:\/\/www.atreus.de\/wp-content\/uploads\/2023\/08\/teaser-4zu3-20230829-presseartikel-ki.jpg 823w, https:\/\/www.atreus.de\/wp-content\/uploads\/2023\/08\/teaser-4zu3-20230829-presseartikel-ki-768x578.jpg 768w, https:\/\/www.atreus.de\/wp-content\/uploads\/2023\/08\/teaser-4zu3-20230829-presseartikel-ki-480x361.jpg 480w\" sizes=\"(max-width: 1024px) 100vw, 1024px\" style=\"aspect-ratio:823\/619 !important\" title=\"atreus_\"><\/a><\/div><div class=\"image-container double-featured\"><a href=\"https:\/\/www.atreus.de\/fr\/atreus-dans-les-medias\/intelligence-artificielle-lia-doit-etre-rendue-tangible-pour-les-collaborateurs\/\"><span class=\"copyright-image\"><\/span><img decoding=\"async\" loading=\"lazy\" alt=\"atreus_\" src=\"https:\/\/www.atreus.de\/wp-content\/uploads\/2023\/08\/teaser-landscape-20230829-presseartikel-ki.jpg\" srcset=\"https:\/\/www.atreus.de\/wp-content\/uploads\/2023\/08\/teaser-landscape-20230829-presseartikel-ki.jpg 1098w, https:\/\/www.atreus.de\/wp-content\/uploads\/2023\/08\/teaser-landscape-20230829-presseartikel-ki-768x288.jpg 768w, https:\/\/www.atreus.de\/wp-content\/uploads\/2023\/08\/teaser-landscape-20230829-presseartikel-ki-1024x384.jpg 1024w, https:\/\/www.atreus.de\/wp-content\/uploads\/2023\/08\/teaser-landscape-20230829-presseartikel-ki-480x180.jpg 480w\" sizes=\"(max-width: 1024px) 100vw, 1024px\" style=\"aspect-ratio:1098\/412 !important\" title=\"atreus_\"><\/a><\/div>        <div class=\"content-container has-excerpt posttype-post blue-400 white-color\">\n          <div class=\"preheadline-container parent-has-padding\"><p class=\"zw-cgb preheadline\">Atreus dans les m\u00e9dias<\/p><\/div><a href=\"https:\/\/www.atreus.de\/fr\/atreus-dans-les-medias\/intelligence-artificielle-lia-doit-etre-rendue-tangible-pour-les-collaborateurs\/\"><h2 class=\" zw-cgb headline\">Intelligence artificielle&nbsp;: \u00ab&nbsp;L\u2019IA doit \u00eatre rendue tangible pour les collaborateurs&nbsp;\u00bb<\/h2><\/a><p class=\" zw-cgb fulltext\">L\u2019intelligence artificielle (IA) a depuis longtemps quitt\u00e9 son statut de technologie future et est aujourd\u2019hui pr\u00e9sente dans de nombreux secteurs de l\u2019\u00e9conomie allemande. Des experts discuteront de l\u2019utilisation r\u00e9ussie de projets de gestion du changement ax\u00e9s sur l\u2019IA afin d\u2019obtenir des avantages concurrentiels. Dans &#8230;<\/p><div class=\"post-meta-info-container\"><div class=\"post-read-time\"><p class=\"zw-cgb fulltext\"><i class=\"far fa-clock\"><\/i>3 temps de lecture min<\/p><\/div><div class=\"post-rating-container d-none\"><!-- FeedbackWP Plugin - Results Widget --><div  class=\"rmp-results-widget js-rmp-results-widget js-rmp-results-widget--524329 \"  data-post-id=\"524329\">  <div class=\"rmp-results-widget__visual-rating\">    <i class=\"js-rmp-results-icon rmp-icon rmp-icon--ratings rmp-icon--star \"><\/i><i class=\"js-rmp-results-icon rmp-icon rmp-icon--ratings rmp-icon--star \"><\/i><i class=\"js-rmp-results-icon rmp-icon rmp-icon--ratings rmp-icon--star \"><\/i><i class=\"js-rmp-results-icon rmp-icon rmp-icon--ratings rmp-icon--star \"><\/i><i class=\"js-rmp-results-icon rmp-icon rmp-icon--ratings rmp-icon--star \"><\/i>  <\/div>  <div class=\"rmp-results-widget__avg-rating\">    <span class=\"js-rmp-avg-rating\">          <\/span>  <\/div>  <div class=\"rmp-results-widget__vote-count\">    (<span class=\"js-rmp-vote-count\"><\/span>)  <\/div><\/div> <\/div><div class=\"post-social-share\"><div class=\"zw-social-share dropdown show\">\r\n        <a class=\"zw-social-share-toggler\" href=\"#\" role=\"button\" id=\"dropdownMenuLink\" data-toggle=\"dropdown\" aria-haspopup=\"true\" aria-expanded=\"false\">\r\n        <i class=\"fas fa-share-alt\"><\/i><span class=\"zw-share-meta\">Partager<\/span>\r\n        <\/a>\r\n        <div class=\"zw-share-dropdown-menu dropdown-menu\" aria-labelledby=\"dropdownMenuLink\"><div class=\"dropdown-inner\"><p class=\"zw-share-heading fulltext\">Partager<\/p><a class=\"zw-social-share-toggler fulltext\" href=\"#\" role=\"button\" id=\"dropdownMenuLink\" data-toggle=\"dropdown\" aria-label=\"Close\">\u2715<\/a><div class=\"social-inner-icons\"><a class=\"dropdown-item \" target=\"_blank\" rel=\"nofollow\" href=\"https:\/\/www.linkedin.com\/cws\/share?url=https%3A%2F%2Fwww.atreus.de%2Ffr%2Fatreus-dans-les-medias%2Fintelligence-artificielle-lia-doit-etre-rendue-tangible-pour-les-collaborateurs%2F&amp;title=Intelligence+artificielle%26nbsp%3B%3A+%C2%AB%26nbsp%3BL%E2%80%99IA+doit+%C3%AAtre+rendue+tangible+pour+les+collaborateurs%26nbsp%3B%C2%BB\"><i class=\"fab fa-linkedin fa-fw\"><\/i><\/a><a class=\"dropdown-item \" target=\"_blank\" rel=\"nofollow\" href=\"https:\/\/www.xing.com\/spi\/shares\/new?url=https%3A%2F%2Fwww.atreus.de%2Ffr%2Fatreus-dans-les-medias%2Fintelligence-artificielle-lia-doit-etre-rendue-tangible-pour-les-collaborateurs%2F\"><i class=\"fab fa-xing fa-fw\"><\/i><\/a><a class=\"dropdown-item \" target=\"_blank\" rel=\"nofollow\" href=\"https:\/\/www.facebook.com\/sharer\/sharer.php?u=https%3A%2F%2Fwww.atreus.de%2Ffr%2Fatreus-dans-les-medias%2Fintelligence-artificielle-lia-doit-etre-rendue-tangible-pour-les-collaborateurs%2F&amp;t=Intelligence+artificielle%26nbsp%3B%3A+%C2%AB%26nbsp%3BL%E2%80%99IA+doit+%C3%AAtre+rendue+tangible+pour+les+collaborateurs%26nbsp%3B%C2%BB\"><i class=\"fab fa-facebook-square fa-fw\"><\/i><\/a><a class=\"dropdown-item \" target=\"_blank\" rel=\"nofollow\" href=\"https:\/\/twitter.com\/intent\/tweet?url=https%3A%2F%2Fwww.atreus.de%2Ffr%2Fatreus-dans-les-medias%2Fintelligence-artificielle-lia-doit-etre-rendue-tangible-pour-les-collaborateurs%2F&amp;text=Intelligence+artificielle%26nbsp%3B%3A+%C2%AB%26nbsp%3BL%E2%80%99IA+doit+%C3%AAtre+rendue+tangible+pour+les+collaborateurs%26nbsp%3B%C2%BB\"><i class=\"fab fa-twitter fa-fw\"><\/i><\/a>  <\/div><\/div><\/div>\r\n    <\/div><\/div><\/div><div class=\"zw-cgb zw-cgb-button-container \"><a href=\"https:\/\/www.atreus.de\/fr\/atreus-dans-les-medias\/intelligence-artificielle-lia-doit-etre-rendue-tangible-pour-les-collaborateurs\/\" class=\"zw-cgb btn btn-primary \">Lire la suite<\/a><\/div>        <\/div>\n            <\/div>\n      <div class=\"zw-spacer px-0\"><\/div>\n        <\/div>\n    <\/div>\n\n","protected":false},"excerpt":{"rendered":"<div  class=\"zw-cgb header-standard-block  desktop-has-image mobile-has-image default-margin white-color content-right content-down zw-atr-portrait-pos-default zw-atr-landscape-pos-right-top height-default \">\n<div class=\"row\">\n<div class=\"zw-cgb-content col-12 mx-auto\">\n<div  class=\"header-standard-inner-container\">\n<div class=\"bg-image\"><span class=\"copyright-image d-none d-lg-block\">\u00a9 Gorodenkoff \u2013 stock.adobe.com<\/span><img decoding=\"async\" class=\"respnsive-img d-none d-lg-block\" loading=\"lazy\" alt=\"\" src=\"https:\/\/www.atreus.de\/wp-content\/uploads\/2023\/08\/header-20230829-presseartikel-cybersecurity.jpg\" srcset=\"https:\/\/www.atreus.de\/wp-content\/uploads\/2023\/08\/header-20230829-presseartikel-cybersecurity.jpg 1920w, https:\/\/www.atreus.de\/wp-content\/uploads\/2023\/08\/header-20230829-presseartikel-cybersecurity-768x432.jpg 768w, https:\/\/www.atreus.de\/wp-content\/uploads\/2023\/08\/header-20230829-presseartikel-cybersecurity-1024x576.jpg 1024w, https:\/\/www.atreus.de\/wp-content\/uploads\/2023\/08\/header-20230829-presseartikel-cybersecurity-480x270.jpg 480w, https:\/\/www.atreus.de\/wp-content\/uploads\/2023\/08\/header-20230829-presseartikel-cybersecurity-1440x810.jpg 1440w\" sizes=\"(max-width: 1920px) 100vw, 1920px\"style='aspect-ratio:1920\/1080 !important'><span class=\"copyright-image d-lg-none d-block\"><\/span><img decoding=\"async\" class=\"responsive-img d-lg-none d-block\" loading=\"lazy\" alt=\"\" src=\"https:\/\/www.atreus.de\/wp-content\/uploads\/2023\/08\/teaser-4zu3-20230829-presseartikel-cybersecurity.jpg\" srcset=\"https:\/\/www.atreus.de\/wp-content\/uploads\/2023\/08\/teaser-4zu3-20230829-presseartikel-cybersecurity.jpg 823w, https:\/\/www.atreus.de\/wp-content\/uploads\/2023\/08\/teaser-4zu3-20230829-presseartikel-cybersecurity-768x578.jpg 768w, https:\/\/www.atreus.de\/wp-content\/uploads\/2023\/08\/teaser-4zu3-20230829-presseartikel-cybersecurity-480x361.jpg 480w\" sizes=\"(max-width: 1024px) 100vw, 1024px\"style='aspect-ratio:823\/619 !important'><\/div>\n<div class=\"preheadline-container\">\n<div class=\"zw-breadcrumb-container black-color d-md-down-none\"><\/div>\n<p class=\" zw-cgb preheadline zw-prevent-animation\">Atreus dans les m\u00e9dias<\/p>\n<h2 class=\" zw-cgb headline zw-prevent-animation\">Pourquoi les entreprises doivent se poser la question de la mentalit\u00e9<\/h2>\n<\/div>\n<\/div>\n<\/div>\n<\/div>\n<\/div>\n<div class=\"zw-breadcrumb-container black-color d-none d-md-down-block\">\n<nav aria-label=\"breadcrumbs\" class=\"rank-math-breadcrumb\">\n<p><span class=\"label\">c<\/span> <a href=\"https:\/\/www.atreus.de\/fr\">Home<\/a><span class=\"separator\"> c <\/span><a href=\"https:\/\/www.atreus.de\/fr\/publications-et-evenements\/mediatheque\/\">Actualit\u00e9s<\/a><span class=\"separator\"> c <\/span><span class=\"last\"><\/span><\/p>\n<\/nav>\n<\/div>\n<div class=\"post-meta-info-container in-blog-post\">\n<div class=\"in-blog-post post-read-time\">\n<p class=\"zw-cgb fulltext\"><i class=\"far fa-clock\"><\/i>3 temps de lecture min<\/p>\n<\/div>\n<div class=\"post-rating-container d-none\"><!-- FeedbackWP Plugin - Results Widget --><\/p>\n<div  class=\"rmp-results-widget js-rmp-results-widget js-rmp-results-widget--524314 \"  data-post-id=\"524314\">\n<div class=\"rmp-results-widget__visual-rating\">    <i class=\"js-rmp-results-icon rmp-icon rmp-icon--ratings rmp-icon--star \"><\/i><i class=\"js-rmp-results-icon rmp-icon rmp-icon--ratings rmp-icon--star \"><\/i><i class=\"js-rmp-results-icon rmp-icon rmp-icon--ratings rmp-icon--star \"><\/i><i class=\"js-rmp-results-icon rmp-icon rmp-icon--ratings rmp-icon--star \"><\/i><i class=\"js-rmp-results-icon rmp-icon rmp-icon--ratings rmp-icon--star \"><\/i>  <\/div>\n<div class=\"rmp-results-widget__avg-rating\">    <span class=\"js-rmp-avg-rating\">          <\/span>  <\/div>\n<div class=\"rmp-results-widget__vote-count\">    (<span class=\"js-rmp-vote-count\"><\/span>)  <\/div>\n<\/div><\/div>\n<div class=\"post-social-share\">\n<div class=\"zw-social-share dropdown show\">\n        <a class=\"zw-social-share-toggler\" href=\"#\" role=\"button\" id=\"dropdownMenuLink\" data-toggle=\"dropdown\" aria-haspopup=\"true\" aria-expanded=\"false\"><br \/>\n        <i class=\"fas fa-share-alt\"><\/i><span class=\"zw-share-meta\">Partager<\/span><br \/>\n        <\/a><\/p>\n<div class=\"zw-share-dropdown-menu dropdown-menu\" aria-labelledby=\"dropdownMenuLink\">\n<div class=\"dropdown-inner\">\n<p class=\"zw-share-heading fulltext\">Partager<\/p>\n<p><a class=\"zw-social-share-toggler fulltext\" href=\"#\" role=\"button\" id=\"dropdownMenuLink\" data-toggle=\"dropdown\" aria-label=\"Close\">\u2715<\/a><\/p>\n<div class=\"social-inner-icons\"><a class=\"dropdown-item \" target=\"_blank\" rel=\"nofollow\" href=\"https:\/\/www.linkedin.com\/cws\/share?url=https%3A%2F%2Fwww.atreus.de%2Ffr%2Fatreus-dans-les-medias%2Fcybersecurite-pourquoi-les-entreprises-doivent-se-poser-la-question-de-la-mentalite%2F&amp;title=Cybers%C3%A9curit%C3%A9%26nbsp%3B%3A+pourquoi+les+entreprises+doivent+se+poser+la+question+de+la+mentalit%C3%A9\"><i class=\"fab fa-linkedin fa-fw\"><\/i><\/a><a class=\"dropdown-item \" target=\"_blank\" rel=\"nofollow\" href=\"https:\/\/www.xing.com\/spi\/shares\/new?url=https%3A%2F%2Fwww.atreus.de%2Ffr%2Fatreus-dans-les-medias%2Fcybersecurite-pourquoi-les-entreprises-doivent-se-poser-la-question-de-la-mentalite%2F\"><i class=\"fab fa-xing fa-fw\"><\/i><\/a><a class=\"dropdown-item \" target=\"_blank\" rel=\"nofollow\" href=\"https:\/\/www.facebook.com\/sharer\/sharer.php?u=https%3A%2F%2Fwww.atreus.de%2Ffr%2Fatreus-dans-les-medias%2Fcybersecurite-pourquoi-les-entreprises-doivent-se-poser-la-question-de-la-mentalite%2F&amp;t=Cybers%C3%A9curit%C3%A9%26nbsp%3B%3A+pourquoi+les+entreprises+doivent+se+poser+la+question+de+la+mentalit%C3%A9\"><i class=\"fab fa-facebook-square fa-fw\"><\/i><\/a><a class=\"dropdown-item \"  target=\"_blank\" rel=\"nofollow\" href=\"https:\/\/twitter.com\/intent\/tweet?url=https%3A%2F%2Fwww.atreus.de%2Ffr%2Fatreus-dans-les-medias%2Fcybersecurite-pourquoi-les-entreprises-doivent-se-poser-la-question-de-la-mentalite%2F&amp;text=Cybers%C3%A9curit%C3%A9%26nbsp%3B%3A+pourquoi+les+entreprises+doivent+se+poser+la+question+de+la+mentalit%C3%A9\"><i class=\"fab fa-twitter fa-fw\"><\/i><\/a>  <\/div>\n<\/div>\n<\/div><\/div>\n<\/div>\n<div class=\"post-rating-block\"><!-- Rate my Post Plugin --><\/p>\n<div  class=\"rmp-widgets-container rmp-wp-plugin rmp-main-container js-rmp-widgets-container my-0 js-rmp-widgets-container--524314 \"  data-post-id=\"524314\">    <!-- Rating widget -->  <\/p>\n<div class=\"rmp-rating-widget js-rmp-rating-widget py-0\">\n<div class=\"rmp-rating-widget__icons my-0\">\n<div class=\"btn btn-primary\" onclick=\"zw_show_rating_stars(jQuery(this))\">\u00c9valuez nous<\/div>\n<ul class=\"rmp-rating-widget__icons-list js-rmp-rating-icons-list d-none\">\n<li class=\"rmp-rating-widget__icons-list__icon js-rmp-rating-item\" data-descriptive-rating=\"Not at all useful\" data-value=\"1\">            <i class=\"js-rmp-rating-icon rmp-icon rmp-icon--ratings rmp-icon--star\"><\/i>          <\/li>\n<li class=\"rmp-rating-widget__icons-list__icon js-rmp-rating-item\" data-descriptive-rating=\"Somewhat useful\" data-value=\"2\">            <i class=\"js-rmp-rating-icon rmp-icon rmp-icon--ratings rmp-icon--star\"><\/i>          <\/li>\n<li class=\"rmp-rating-widget__icons-list__icon js-rmp-rating-item\" data-descriptive-rating=\"Useful\" data-value=\"3\">            <i class=\"js-rmp-rating-icon rmp-icon rmp-icon--ratings rmp-icon--star\"><\/i>          <\/li>\n<li class=\"rmp-rating-widget__icons-list__icon js-rmp-rating-item\" data-descriptive-rating=\"Fairly useful\" data-value=\"4\">            <i class=\"js-rmp-rating-icon rmp-icon rmp-icon--ratings rmp-icon--star\"><\/i>          <\/li>\n<li class=\"rmp-rating-widget__icons-list__icon js-rmp-rating-item\" data-descriptive-rating=\"Very useful\" data-value=\"5\">            <i class=\"js-rmp-rating-icon rmp-icon rmp-icon--ratings rmp-icon--star\"><\/i>          <\/li>\n<\/ul><\/div>\n<p>    <button class=\"rmp-rating-widget__submit-btn rmp-btn js-submit-rating-btn my-0\">      Submit Rating    <\/button>    <\/p>\n<p class=\"rmp-rating-widget__not-rated js-rmp-not-rated my-0 rmp-rating-widget__not-rated--hidden\">      No votes so far! Be the first to rate this post.    <\/p>\n<p class=\"rmp-rating-widget__msg js-rmp-msg black-color my-0\">\n<\/p><\/div>\n<p>  <!--Structured data -->    <\/div>\n<\/div>\n<\/div>\n","protected":false},"author":12,"featured_media":420817,"comment_status":"closed","ping_status":"closed","sticky":false,"template":"","format":"standard","meta":{"_relevanssi_hide_post":"","_relevanssi_hide_content":"","_relevanssi_pin_for_all":"","_relevanssi_pin_keywords":"","_relevanssi_unpin_keywords":"","_relevanssi_related_keywords":"","_relevanssi_related_include_ids":"","_relevanssi_related_exclude_ids":"","_relevanssi_related_no_append":"","_relevanssi_related_not_related":"","_relevanssi_related_posts":"524329","_relevanssi_noindex_reason":"","_zw_phone_override":"","footnotes":""},"categories":[721],"tags":[],"newsticker-publication":[],"competences":[685,674,680],"industry-sectors":[],"typ-news":[723],"class_list":["post-524314","post","type-post","status-publish","format-standard","has-post-thumbnail","hentry","category-atreus-dans-les-medias","competences-innovation-fr","competences-it-fr","competences-numerisation","typ-news-atreus-dans-les-medias"],"_links":{"self":[{"href":"https:\/\/www.atreus.de\/fr\/wp-json\/wp\/v2\/posts\/524314","targetHints":{"allow":["GET"]}}],"collection":[{"href":"https:\/\/www.atreus.de\/fr\/wp-json\/wp\/v2\/posts"}],"about":[{"href":"https:\/\/www.atreus.de\/fr\/wp-json\/wp\/v2\/types\/post"}],"author":[{"embeddable":true,"href":"https:\/\/www.atreus.de\/fr\/wp-json\/wp\/v2\/users\/12"}],"replies":[{"embeddable":true,"href":"https:\/\/www.atreus.de\/fr\/wp-json\/wp\/v2\/comments?post=524314"}],"version-history":[{"count":0,"href":"https:\/\/www.atreus.de\/fr\/wp-json\/wp\/v2\/posts\/524314\/revisions"}],"wp:featuredmedia":[{"embeddable":true,"href":"https:\/\/www.atreus.de\/fr\/wp-json\/wp\/v2\/media\/420817"}],"wp:attachment":[{"href":"https:\/\/www.atreus.de\/fr\/wp-json\/wp\/v2\/media?parent=524314"}],"wp:term":[{"taxonomy":"category","embeddable":true,"href":"https:\/\/www.atreus.de\/fr\/wp-json\/wp\/v2\/categories?post=524314"},{"taxonomy":"post_tag","embeddable":true,"href":"https:\/\/www.atreus.de\/fr\/wp-json\/wp\/v2\/tags?post=524314"},{"taxonomy":"newsticker-publication","embeddable":true,"href":"https:\/\/www.atreus.de\/fr\/wp-json\/wp\/v2\/newsticker-publication?post=524314"},{"taxonomy":"competences","embeddable":true,"href":"https:\/\/www.atreus.de\/fr\/wp-json\/wp\/v2\/competences?post=524314"},{"taxonomy":"industry-sectors","embeddable":true,"href":"https:\/\/www.atreus.de\/fr\/wp-json\/wp\/v2\/industry-sectors?post=524314"},{"taxonomy":"typ-news","embeddable":true,"href":"https:\/\/www.atreus.de\/fr\/wp-json\/wp\/v2\/typ-news?post=524314"}],"curies":[{"name":"wp","href":"https:\/\/api.w.org\/{rel}","templated":true}]}}