{"id":524329,"date":"2023-09-01T08:05:47","date_gmt":"2023-09-01T06:05:47","guid":{"rendered":"https:\/\/www.atreus.de\/?p=524329"},"modified":"2024-09-30T16:12:05","modified_gmt":"2024-09-30T14:12:05","slug":"intelligence-artificielle-lia-doit-etre-rendue-tangible-pour-les-collaborateurs","status":"publish","type":"post","link":"https:\/\/www.atreus.de\/fr\/atreus-dans-les-medias\/intelligence-artificielle-lia-doit-etre-rendue-tangible-pour-les-collaborateurs\/","title":{"rendered":"Intelligence artificielle&nbsp;: \u00ab&nbsp;L\u2019IA doit \u00eatre rendue tangible pour les collaborateurs&nbsp;\u00bb"},"content":{"rendered":"<div  class=\"zw-cgb header-standard-block is-first-block desktop-has-image mobile-has-image default-margin white-color content-right content-down zw-atr-portrait-pos-default zw-atr-landscape-pos-right-top height-default \"><div class=\"row\"><div class=\"zw-cgb-content col-12 mx-auto\"><div  class=\"header-standard-inner-container\"><div class=\"bg-image\"><span class=\"copyright-image d-none d-lg-block\">\u00a9 sam richter\u2013 stock.adobe.com<\/span><img decoding=\"async\" class=\"respnsive-img d-none d-lg-block\" loading=\"lazy\" alt=\"atreus_\" src=\"https:\/\/www.atreus.de\/wp-content\/uploads\/2023\/08\/header-20230829-presseartikel-ki.jpg\" srcset=\"https:\/\/www.atreus.de\/wp-content\/uploads\/2023\/08\/header-20230829-presseartikel-ki.jpg 1920w, https:\/\/www.atreus.de\/wp-content\/uploads\/2023\/08\/header-20230829-presseartikel-ki-768x432.jpg 768w, https:\/\/www.atreus.de\/wp-content\/uploads\/2023\/08\/header-20230829-presseartikel-ki-1024x576.jpg 1024w, https:\/\/www.atreus.de\/wp-content\/uploads\/2023\/08\/header-20230829-presseartikel-ki-480x270.jpg 480w, https:\/\/www.atreus.de\/wp-content\/uploads\/2023\/08\/header-20230829-presseartikel-ki-1440x810.jpg 1440w\" sizes=\"(max-width: 1920px) 100vw, 1920px\" style=\"aspect-ratio:1920\/1080 !important\" title=\"atreus_\"><span class=\"copyright-image d-lg-none d-block\"><\/span><img decoding=\"async\" class=\"responsive-img d-lg-none d-block\" loading=\"lazy\" alt=\"atreus_\" src=\"https:\/\/www.atreus.de\/wp-content\/uploads\/2023\/08\/teaser-4zu3-20230829-presseartikel-ki.jpg\" srcset=\"https:\/\/www.atreus.de\/wp-content\/uploads\/2023\/08\/teaser-4zu3-20230829-presseartikel-ki.jpg 823w, https:\/\/www.atreus.de\/wp-content\/uploads\/2023\/08\/teaser-4zu3-20230829-presseartikel-ki-768x578.jpg 768w, https:\/\/www.atreus.de\/wp-content\/uploads\/2023\/08\/teaser-4zu3-20230829-presseartikel-ki-480x361.jpg 480w\" sizes=\"(max-width: 1024px) 100vw, 1024px\" style=\"aspect-ratio:823\/619 !important\" title=\"atreus_\"><\/div><div class=\"preheadline-container\"><div class=\"zw-breadcrumb-container black-color d-md-down-none\"><\/div><p class=\" zw-cgb preheadline zw-prevent-animation\">Atreus dans les m\u00e9dias<\/p><h1 class=\" zw-cgb headline zw-prevent-animation\">Introduction de l\u2019intelligence artificielle dans le management&nbsp;: facteurs de succ\u00e8s et champs d\u2019application<\/h1><\/div><\/div><\/div><\/div><\/div><div class=\"zw-breadcrumb-container black-color d-none d-md-down-block\"><nav aria-label=\"breadcrumbs\" class=\"rank-math-breadcrumb\"><p><span class=\"label\">c<\/span> <a href=\"https:\/\/www.atreus.de\/fr\">Home<\/a><span class=\"separator\"> c <\/span><a href=\"https:\/\/www.atreus.de\/fr\/publications-et-evenements\/mediatheque\/\">Actualit\u00e9s<\/a><span class=\"separator\"> c <\/span><span class=\"last\"><\/span><\/p><\/nav><\/div><div class=\"post-meta-info-container in-blog-post\"><div class=\"in-blog-post post-read-time\"><p class=\"zw-cgb fulltext\"><i class=\"far fa-clock\"><\/i>3 temps de lecture min<\/p><\/div><div class=\"post-rating-container d-none\"><!-- FeedbackWP Plugin - Results Widget --><div  class=\"rmp-results-widget js-rmp-results-widget js-rmp-results-widget--524329 \"  data-post-id=\"524329\">  <div class=\"rmp-results-widget__visual-rating\">    <i class=\"js-rmp-results-icon rmp-icon rmp-icon--ratings rmp-icon--star \"><\/i><i class=\"js-rmp-results-icon rmp-icon rmp-icon--ratings rmp-icon--star \"><\/i><i class=\"js-rmp-results-icon rmp-icon rmp-icon--ratings rmp-icon--star \"><\/i><i class=\"js-rmp-results-icon rmp-icon rmp-icon--ratings rmp-icon--star \"><\/i><i class=\"js-rmp-results-icon rmp-icon rmp-icon--ratings rmp-icon--star \"><\/i>  <\/div>  <div class=\"rmp-results-widget__avg-rating\">    <span class=\"js-rmp-avg-rating\">          <\/span>  <\/div>  <div class=\"rmp-results-widget__vote-count\">    (<span class=\"js-rmp-vote-count\"><\/span>)  <\/div><\/div> <\/div><div class=\"post-social-share\"><div class=\"zw-social-share dropdown show\">\r\n        <a class=\"zw-social-share-toggler\" href=\"#\" role=\"button\" id=\"dropdownMenuLink\" data-toggle=\"dropdown\" aria-haspopup=\"true\" aria-expanded=\"false\">\r\n        <i class=\"fas fa-share-alt\"><\/i><span class=\"zw-share-meta\">Partager<\/span>\r\n        <\/a>\r\n        <div class=\"zw-share-dropdown-menu dropdown-menu\" aria-labelledby=\"dropdownMenuLink\"><div class=\"dropdown-inner\"><p class=\"zw-share-heading fulltext\">Partager<\/p><a class=\"zw-social-share-toggler fulltext\" href=\"#\" role=\"button\" id=\"dropdownMenuLink\" data-toggle=\"dropdown\" aria-label=\"Close\">\u2715<\/a><div class=\"social-inner-icons\"><a class=\"dropdown-item \" target=\"_blank\" rel=\"nofollow\" href=\"https:\/\/www.linkedin.com\/cws\/share?url=https%3A%2F%2Fwww.atreus.de%2Ffr%2Fatreus-dans-les-medias%2Fintelligence-artificielle-lia-doit-etre-rendue-tangible-pour-les-collaborateurs%2F&amp;title=Intelligence+artificielle%26nbsp%3B%3A+%C2%AB%26nbsp%3BL%E2%80%99IA+doit+%C3%AAtre+rendue+tangible+pour+les+collaborateurs%26nbsp%3B%C2%BB\"><i class=\"fab fa-linkedin fa-fw\"><\/i><\/a><a class=\"dropdown-item \" target=\"_blank\" rel=\"nofollow\" href=\"https:\/\/www.xing.com\/spi\/shares\/new?url=https%3A%2F%2Fwww.atreus.de%2Ffr%2Fatreus-dans-les-medias%2Fintelligence-artificielle-lia-doit-etre-rendue-tangible-pour-les-collaborateurs%2F\"><i class=\"fab fa-xing fa-fw\"><\/i><\/a><a class=\"dropdown-item \" target=\"_blank\" rel=\"nofollow\" href=\"https:\/\/www.facebook.com\/sharer\/sharer.php?u=https%3A%2F%2Fwww.atreus.de%2Ffr%2Fatreus-dans-les-medias%2Fintelligence-artificielle-lia-doit-etre-rendue-tangible-pour-les-collaborateurs%2F&amp;t=Intelligence+artificielle%26nbsp%3B%3A+%C2%AB%26nbsp%3BL%E2%80%99IA+doit+%C3%AAtre+rendue+tangible+pour+les+collaborateurs%26nbsp%3B%C2%BB\"><i class=\"fab fa-facebook-square fa-fw\"><\/i><\/a><a class=\"dropdown-item \"  target=\"_blank\" rel=\"nofollow\" href=\"https:\/\/twitter.com\/intent\/tweet?url=https%3A%2F%2Fwww.atreus.de%2Ffr%2Fatreus-dans-les-medias%2Fintelligence-artificielle-lia-doit-etre-rendue-tangible-pour-les-collaborateurs%2F&amp;text=Intelligence+artificielle%26nbsp%3B%3A+%C2%AB%26nbsp%3BL%E2%80%99IA+doit+%C3%AAtre+rendue+tangible+pour+les+collaborateurs%26nbsp%3B%C2%BB\"><i class=\"fab fa-twitter fa-fw\"><\/i><\/a>  <\/div><\/div><\/div>\r\n    <\/div><\/div><div class=\"post-rating-block\"><!-- Rate my Post Plugin --><div  class=\"rmp-widgets-container rmp-wp-plugin rmp-main-container js-rmp-widgets-container my-0 js-rmp-widgets-container--524329 \"  data-post-id=\"524329\">    <!-- Rating widget -->  <div class=\"rmp-rating-widget js-rmp-rating-widget py-0\">    <div class=\"rmp-rating-widget__icons my-0\">      <div class=\"btn btn-primary\" onclick=\"zw_show_rating_stars(jQuery(this))\">\u00c9valuez nous<\/div>      <ul class=\"rmp-rating-widget__icons-list js-rmp-rating-icons-list d-none\">                  <li class=\"rmp-rating-widget__icons-list__icon js-rmp-rating-item\" data-descriptive-rating=\"Not at all useful\" data-value=\"1\">            <i class=\"js-rmp-rating-icon rmp-icon rmp-icon--ratings rmp-icon--star\"><\/i>          <\/li>                  <li class=\"rmp-rating-widget__icons-list__icon js-rmp-rating-item\" data-descriptive-rating=\"Somewhat useful\" data-value=\"2\">            <i class=\"js-rmp-rating-icon rmp-icon rmp-icon--ratings rmp-icon--star\"><\/i>          <\/li>                  <li class=\"rmp-rating-widget__icons-list__icon js-rmp-rating-item\" data-descriptive-rating=\"Useful\" data-value=\"3\">            <i class=\"js-rmp-rating-icon rmp-icon rmp-icon--ratings rmp-icon--star\"><\/i>          <\/li>                  <li class=\"rmp-rating-widget__icons-list__icon js-rmp-rating-item\" data-descriptive-rating=\"Fairly useful\" data-value=\"4\">            <i class=\"js-rmp-rating-icon rmp-icon rmp-icon--ratings rmp-icon--star\"><\/i>          <\/li>                  <li class=\"rmp-rating-widget__icons-list__icon js-rmp-rating-item\" data-descriptive-rating=\"Very useful\" data-value=\"5\">            <i class=\"js-rmp-rating-icon rmp-icon rmp-icon--ratings rmp-icon--star\"><\/i>          <\/li>              <\/ul>    <\/div>    <button class=\"rmp-rating-widget__submit-btn rmp-btn js-submit-rating-btn my-0\">      Submit Rating    <\/button>    <p class=\"rmp-rating-widget__not-rated js-rmp-not-rated my-0 rmp-rating-widget__not-rated--hidden\">      No votes so far! Be the first to rate this post.    <\/p>    <p class=\"rmp-rating-widget__msg js-rmp-msg black-color my-0\"><\/p>  <\/div>  <!--Structured data -->    <\/div><\/div><\/div>\n\n\n    <div  class=\"zw-cgb  textblock black-color zw-content-pos-center  default-margin \">\n      <div class=\"row\">\n        <div class=\"zw-cgb-content col-12 g-0\">\n          <h2 class=\"zw-cgb headline \"><strong>Tribune du directeur d\u2019Atreus Uwe Gehrmann chez Springer Professional<\/strong> <strong>le 28 juin 2023.<\/strong><\/h2><p class=\" zw-cgb fulltext \">L\u2019int\u00e9gration de l\u2019intelligence artificielle (IA) dans le management n\u00e9cessite des comp\u00e9tences particuli\u00e8res pour mener \u00e0 bien les projets de gestion du changement. Dans un entretien avec Springer Professional, Uwe Gehrmann, directeur d\u2019Atreus, partage son point de vue sur la mani\u00e8re dont les entreprises peuvent mener \u00e0 bien des projets ax\u00e9s sur l\u2019IA.<\/p>        <\/div>\n      <\/div>\n    <\/div>\n\n\n\n\r\n    <div  class=\"zw-cgb  intern-zitat-style  zitat-block black-color default-margin default-padding \">\r\n      <div class=\"row zitat-row\">\r\n        <div class=\" image-container g-0 order-1 order-lg-2  col-menu-5 col-12 \">\r\n          <a href=\"https:\/\/www.atreus.de\/fr\/equipe\/uwe-gehrmann\/\">          <div class=\"img-with-gradient\">\r\n\r\n            <span class=\"copyright-image\"><\/span><img decoding=\"async\" loading=\"lazy\" alt=\"atreus_\" src=\"https:\/\/www.atreus.de\/wp-content\/uploads\/2023\/07\/geh-uw-v2.png\" srcset=\"https:\/\/www.atreus.de\/wp-content\/uploads\/2023\/07\/geh-uw-v2.png 555w, https:\/\/www.atreus.de\/wp-content\/uploads\/2023\/07\/geh-uw-v2-480x600.png 480w\" sizes=\"(max-width: 1024px) 100vw, 1024px\" style=\"aspect-ratio:555\/694 !important\" title=\"atreus_\">            <div class=\"linear-gradient-container\"><\/div>\r\n          <\/div>\r\n\r\n\r\n\r\n          <div class=\"zitat-img-text-container\"><div class=\"zitat-name-container fulltext\"><span>Uwe Gehrmann<\/span><\/div><div class=\"zitat-discription-container fulltext\"><span>Partenaire et responsable du Solution Group IT\/Digitalisation\/Data<\/span><\/div><\/div>          <\/a>        <\/div>\r\n        <div class=\"g-0 zitat-text-container order-2 order-lg-1 col-menu-7 col-12 \">\r\n          <div class=\"zitat-text\"><span class=\"zitat-start-icon atreus-font\">D<\/span><p class=\"zw-cgb fulltext\">\u201eLes domaines d\u2019application vont encore s\u2019\u00e9largir \u00e0 l\u2019avenir et auront un impact fondamental sur les pratiques de travail des entreprises dans presque tous les secteurs.\u201c<\/p><\/div>                  <\/div>\r\n\r\n      <\/div>\r\n    <\/div>\r\n\n\n\n    <div  class=\"zw-cgb  textblock black-color zw-content-pos-center  default-margin \">\n      <div class=\"row\">\n        <div class=\"zw-cgb-content col-12 g-0\">\n          <h2 class=\"zw-cgb headline \"><strong><strong>L\u2019IA, une r\u00e9alit\u00e9 dans le tissu \u00e9conomique allemand<\/strong><\/strong><\/h2><p class=\" zw-cgb fulltext \">L\u2019\u00e9poque o\u00f9 l\u2019IA \u00e9tait consid\u00e9r\u00e9e comme une lointaine vision d\u2019avenir est r\u00e9volue depuis longtemps, notamment depuis l\u2019introduction de technologies telles que Chat GPT. L\u2019intelligence artificielle a trouv\u00e9 sa place dans le pr\u00e9sent. Mais cette technologie a-t-elle pris pied dans l\u2019ensemble de l\u2019\u00e9conomie allemande&nbsp;?<\/p><p class=\" zw-cgb fulltext \">Uwe Gehrmann constate que les entreprises utilisent d\u00e9j\u00e0 l\u2019IA pour automatiser les t\u00e2ches r\u00e9p\u00e9titives et ainsi gagner en efficacit\u00e9. Les chatbots et les assistants virtuels bas\u00e9s sur l\u2019IA sont utilis\u00e9s dans le service client pour traiter les demandes et fournir des recommandations personnalis\u00e9es. Dans le domaine de la logistique, les syst\u00e8mes d\u2019IA aident \u00e9galement \u00e0 surveiller l\u2019\u00e9tat des livraisons. Dans la production, les syst\u00e8mes d\u2019IA surveillent le processus de production, d\u00e9tectent les erreurs et am\u00e9liorent la qualit\u00e9. Gehrmann souligne que ces applications sont utilis\u00e9es dans diff\u00e9rents secteurs tels que la sant\u00e9, la logistique, le marketing, la finance et l\u2019\u00e9nergie. L\u2019IA a donc de multiples domaines d\u2019application dans l\u2019\u00e9conomie allemande.<\/p>        <\/div>\n      <\/div>\n    <\/div>\n\n\n\n\n    <div  class=\"zw-cgb  textblock black-color zw-content-pos-center  default-margin \">\n      <div class=\"row\">\n        <div class=\"zw-cgb-content col-12 g-0\">\n          <h2 class=\"zw-cgb headline \"><strong><strong>Savoir-faire en mati\u00e8re d\u2019IA dans le top management des entreprises allemandes<\/strong><\/strong><\/h2><p class=\" zw-cgb fulltext \">L\u2019int\u00e9gration de l\u2019IA dans le top management varie fortement. La pr\u00e9sence de l\u2019IA \u00e0 des niveaux de direction ne d\u00e9pend pas seulement du secteur ou de la taille de l\u2019entreprise. Les entreprises qui consid\u00e8rent l\u2019IA comme importante ont pris des mesures pour renforcer leur \u00e9quipe de direction avec des connaissances en IA. Certaines ont \u00e9tabli des sp\u00e9cialistes de l\u2019IA \u00e0 des postes de direction ou dans des laboratoires d\u2019innovation afin de guider la strat\u00e9gie de l\u2019IA. D\u2019autres font appel \u00e0 des conseillers externes. Les entreprises qui ont peu de connaissances en mati\u00e8re d\u2019IA sont confront\u00e9es \u00e0 des d\u00e9fis et devraient renforcer leur sensibilisation \u00e0 l\u2019IA.<\/p>        <\/div>\n      <\/div>\n    <\/div>\n\n\n\n\n    <div  class=\"zw-cgb  textblock black-color zw-content-pos-center  default-margin \">\n      <div class=\"row\">\n        <div class=\"zw-cgb-content col-12 g-0\">\n          <h2 class=\"zw-cgb headline \"><strong>Gestion de projets de gestion du changement bas\u00e9s sur l\u2019IA<\/strong><\/h2><p class=\" zw-cgb fulltext \">Les projets de gestion du changement bas\u00e9s sur l\u2019IA ont souvent pour objectif de r\u00e9duire les co\u00fbts et de supprimer des postes. Uwe Gehrmann souligne que les questions \u00e9thiques devraient \u00eatre prises en compte dans le processus. Les responsables de tels projets doivent avoir une compr\u00e9hension approfondie de l\u2019IA, une expertise en apprentissage automatique et en analyse de donn\u00e9es, ainsi que des comp\u00e9tences en gestion du changement et en gestion du personnel. Vous devez rendre l\u2019IA compr\u00e9hensible pour les collaborateurs et prendre au s\u00e9rieux les incertitudes.<\/p>        <\/div>\n      <\/div>\n    <\/div>\n\n\n\n\n    <div  class=\"zw-cgb  textblock black-color zw-content-pos-center  default-margin \">\n      <div class=\"row\">\n        <div class=\"zw-cgb-content col-12 g-0\">\n          <h2 class=\"zw-cgb headline \"><strong>D\u00e9velopper les comp\u00e9tences en IA dans les entreprises<\/strong><\/h2><p class=\" zw-cgb fulltext \">Les entreprises doivent cibler les professionnels de l\u2019IA et proposer des programmes de formation aux employ\u00e9s afin d\u2019am\u00e9liorer la compr\u00e9hension des applications de l\u2019IA. Cela peut se faire par le biais de leurs propres d\u00e9partements d\u2019IA ou de partenariats avec des experts externes. La promotion d\u2019une culture de l\u2019exp\u00e9rimentation et de l\u2019apprentissage est essentielle \u00e0 la r\u00e9ussite des projets d\u2019IA.<\/p>        <\/div>\n      <\/div>\n    <\/div>\n\n\n\n\n    <div  class=\"zw-cgb  textblock black-color zw-content-pos-center  default-margin \">\n      <div class=\"row\">\n        <div class=\"zw-cgb-content col-12 g-0\">\n          <h2 class=\"zw-cgb headline \">Conclusion&nbsp;: r\u00e9ussir l\u2019int\u00e9gration de l\u2019IA dans l\u2019\u00e9conomie<\/h2><p class=\" zw-cgb fulltext \">L\u2019introduction de l\u2019IA dans la gestion n\u00e9cessite des comp\u00e9tences sp\u00e9cifiques et une approche globale. Les entreprises devraient d\u00e9velopper une expertise en IA de mani\u00e8re cibl\u00e9e afin de garantir un avantage concurrentiel et de permettre une croissance durable.<\/p>        <\/div>\n      <\/div>\n    <\/div>\n\n\n\n\n    <div  class=\"zw-cgb  textblock black-color zw-content-pos-center  default-margin \">\n      <div class=\"row\">\n        <div class=\"zw-cgb-content col-12 g-0\">\n          <p class=\" zw-cgb fulltext \"><strong>Source&nbsp;: Springer Professional, tribune de Uwe Gehrmann, publi\u00e9e le 28 juin 2023<\/strong><\/p><p class=\" zw-cgb fulltext \"><\/p><div class=\"zw-cgb unspecified\">\n    <div  class=\"zw-cgb  buttonBlock black-color default-margin \">\n      <div class=\"row\">\n        <div class=\"col-12 g-0\">\n          <div class=\"zw-button-container center\"><div class=\"zw-cgb zw-cgb-button-container \"><a class=\"zw-cgb btn btn-primary \" href=\"https:\/\/www.springerprofessional.de\/kuenstliche-intelligenz\/unternehmensfuehrung\/ki-muss-fuer-mitarbeiter-anfassbar-gemacht-werden\/25437756\" target=\"_blank\" rel=\"noopener\">Vers l\u2019article (Springer Professional)<\/a><\/div><\/div>        <\/div>\n      <\/div>\n    <\/div>\n\n<\/div>        <\/div>\n      <\/div>\n    <\/div>\n\n\n\n\n<div style=\"height:100px\" aria-hidden=\"true\" class=\"wp-block-spacer\"><\/div>\n\n\n    <div  class=\"zw-cgb    infoblock default-margin black-color  \">\n      <div class=\" row\">\n        <div class=\"zw-cgb-content has-padding col-12\">\n          <div class=\"preheadline-container parent-has-padding\"><p class=\" zw-cgb preheadline ' .  . '\">Votre contact<\/p><\/div><div class=\"inner-content parent-has-padding\"><p class=\" zw-cgb fulltext \">se tient \u00e0 votre enti\u00e8re disposition et se fera un plaisir de r\u00e9pondre \u00e0 vos questions.<\/p><div class=\"link-container\"><\/div><\/div>        <\/div>\n      <\/div>\n    <\/div>\n\n\n<div id=\"parent52557\"class=\"zw-cgb speaker-160 team-member black-colordefault-margin \"><div class=\"zw-cgb-content member-row row\">\r\n\r\n    <div class=\"col-menu-3 col-lg-4 col-md-6 col-12 single-team-member px-0 intern-view \">\r\n    <a href=\"https:\/\/www.atreus.de\/fr\/equipe\/uwe-gehrmann\/\">\r\n\r\n    <div class=\" image-container g-0\">\r\n      <div class=\"img-with-gradient\">\r\n\r\n        <img decoding=\"async\" loading=\"lazy\" alt=\"atreus_\" src=\"https:\/\/www.atreus.de\/wp-content\/uploads\/2023\/07\/geh-uw-v2.png\" srcset=\"https:\/\/www.atreus.de\/wp-content\/uploads\/2023\/07\/geh-uw-v2.png 555w, https:\/\/www.atreus.de\/wp-content\/uploads\/2023\/07\/geh-uw-v2-480x600.png 480w\" sizes=\"(max-width: 1024px) 100vw, 1024px\" style=\"aspect-ratio:555\/694 !important\" title=\"atreus_\">        <div class=\"linear-gradient-container\"><\/div>\r\n      <\/div>\r\n\r\n      <\/a>      <div class=\"team-member-content\"><div class=\"team-member-name fulltext\"><a href=\"https:\/\/www.atreus.de\/fr\/equipe\/uwe-gehrmann\/\"><span>Uwe Gehrmann<\/span><\/a><\/div><div class=\"team-member-description fulltext\"><a href=\"https:\/\/www.atreus.de\/fr\/equipe\/uwe-gehrmann\/\"><span>Partenaire et responsable du Solution Group IT\/Digitalisation\/Data<\/span><\/a><\/div><div class=\"team-member-phone\"><a href=\"tel:+49 89 452249-460\"><span>+49 89 452249-460<\/span><\/a><\/div><div class=\"team-member-icon-container\"><div class=\"team-member-email\"><a class=\"atreus-font\" href=\"mailto:Uwe.Gehrmann@Atreus.de\">h<\/a><\/div><div class=\"team-member-linkedin\"><a class=\"atreus-font\" target=\"_blank\" href=\"https:\/\/www.linkedin.com\/in\/uwegehrmann\/\" rel=\"noopener\">3<\/a><\/div><\/div><\/div>    <\/div>\r\n\r\n    <\/div>\r\n\r\n<\/div><\/div>\n\n\n<div style=\"height:100px\" aria-hidden=\"true\" class=\"wp-block-spacer\"><\/div>\n\n\n    <div  class=\"zw-cgb  change-padding  infoblock default-margin black-color  \">\n      <div class=\" row\">\n        <div class=\"zw-cgb-content has-padding col-12\">\n          <div class=\"preheadline-container parent-has-padding\"><p class=\" zw-cgb preheadline ' .  . '\">Cet article pourrait \u00e9galement vous int\u00e9resser<\/p><\/div><div class=\"inner-content parent-has-padding\"><div class=\"link-container\"><\/div><\/div>        <\/div>\n      <\/div>\n    <\/div>\n\n\n\n    <div  class=\"zw-cgb  latestPosts default-margin \">\n      <div class=\"row zw-cgb-content\">\n        \n      <div  class=\"zw-cgb latestPostsContent px-0 col-12 post content-2-3  show-featured-image \">\n\n\n        <div class=\"image-container single-featured\"><a href=\"https:\/\/www.atreus.de\/fr\/atreus-dans-les-medias\/cybersecurite-pourquoi-les-entreprises-doivent-se-poser-la-question-de-la-mentalite\/\"><span class=\"copyright-image\"><\/span><img decoding=\"async\" loading=\"lazy\" alt=\"atreus_\" src=\"https:\/\/www.atreus.de\/wp-content\/uploads\/2023\/08\/teaser-4zu3-20230829-presseartikel-cybersecurity.jpg\" srcset=\"https:\/\/www.atreus.de\/wp-content\/uploads\/2023\/08\/teaser-4zu3-20230829-presseartikel-cybersecurity.jpg 823w, https:\/\/www.atreus.de\/wp-content\/uploads\/2023\/08\/teaser-4zu3-20230829-presseartikel-cybersecurity-768x578.jpg 768w, https:\/\/www.atreus.de\/wp-content\/uploads\/2023\/08\/teaser-4zu3-20230829-presseartikel-cybersecurity-480x361.jpg 480w\" sizes=\"(max-width: 1024px) 100vw, 1024px\" style=\"aspect-ratio:823\/619 !important\" title=\"atreus_\"><\/a><\/div><div class=\"image-container double-featured\"><a href=\"https:\/\/www.atreus.de\/fr\/atreus-dans-les-medias\/cybersecurite-pourquoi-les-entreprises-doivent-se-poser-la-question-de-la-mentalite\/\"><span class=\"copyright-image\"><\/span><img decoding=\"async\" loading=\"lazy\" alt=\"atreus_\" src=\"https:\/\/www.atreus.de\/wp-content\/uploads\/2023\/08\/teaser-landscape-20230829-presseartikel-cybersecurity.jpg\" srcset=\"https:\/\/www.atreus.de\/wp-content\/uploads\/2023\/08\/teaser-landscape-20230829-presseartikel-cybersecurity.jpg 1098w, https:\/\/www.atreus.de\/wp-content\/uploads\/2023\/08\/teaser-landscape-20230829-presseartikel-cybersecurity-768x288.jpg 768w, https:\/\/www.atreus.de\/wp-content\/uploads\/2023\/08\/teaser-landscape-20230829-presseartikel-cybersecurity-1024x384.jpg 1024w, https:\/\/www.atreus.de\/wp-content\/uploads\/2023\/08\/teaser-landscape-20230829-presseartikel-cybersecurity-480x180.jpg 480w\" sizes=\"(max-width: 1024px) 100vw, 1024px\" style=\"aspect-ratio:1098\/412 !important\" title=\"atreus_\"><\/a><\/div>        <div class=\"content-container has-excerpt posttype-post blue-400 white-color\">\n          <div class=\"preheadline-container parent-has-padding\"><p class=\"zw-cgb preheadline\">Atreus dans les m\u00e9dias<\/p><\/div><a href=\"https:\/\/www.atreus.de\/fr\/atreus-dans-les-medias\/cybersecurite-pourquoi-les-entreprises-doivent-se-poser-la-question-de-la-mentalite\/\"><h2 class=\" zw-cgb headline\">Cybers\u00e9curit\u00e9&nbsp;: pourquoi les entreprises doivent se poser la question de la mentalit\u00e9<\/h2><\/a><p class=\" zw-cgb fulltext\">Dans un monde de plus en plus interconnect\u00e9, la cybers\u00e9curit\u00e9 n\u2019est plus une simple question de s\u00e9curit\u00e9, mais un imp\u00e9ratif op\u00e9rationnel. Uwe Gehrmann illustre comment les attaques quotidiennes de pirates informatiques peuvent avoir un impact \u00e9conomique important sur les entreprises. Une r\u00e9orientation fondamentale de &#8230;<\/p><div class=\"post-meta-info-container\"><div class=\"post-read-time\"><p class=\"zw-cgb fulltext\"><i class=\"far fa-clock\"><\/i>3 temps de lecture min<\/p><\/div><div class=\"post-rating-container d-none\"><!-- FeedbackWP Plugin - Results Widget --><div  class=\"rmp-results-widget js-rmp-results-widget js-rmp-results-widget--524314 \"  data-post-id=\"524314\">  <div class=\"rmp-results-widget__visual-rating\">    <i class=\"js-rmp-results-icon rmp-icon rmp-icon--ratings rmp-icon--star \"><\/i><i class=\"js-rmp-results-icon rmp-icon rmp-icon--ratings rmp-icon--star \"><\/i><i class=\"js-rmp-results-icon rmp-icon rmp-icon--ratings rmp-icon--star \"><\/i><i class=\"js-rmp-results-icon rmp-icon rmp-icon--ratings rmp-icon--star \"><\/i><i class=\"js-rmp-results-icon rmp-icon rmp-icon--ratings rmp-icon--star \"><\/i>  <\/div>  <div class=\"rmp-results-widget__avg-rating\">    <span class=\"js-rmp-avg-rating\">          <\/span>  <\/div>  <div class=\"rmp-results-widget__vote-count\">    (<span class=\"js-rmp-vote-count\"><\/span>)  <\/div><\/div> <\/div><div class=\"post-social-share\"><div class=\"zw-social-share dropdown show\">\r\n        <a class=\"zw-social-share-toggler\" href=\"#\" role=\"button\" id=\"dropdownMenuLink\" data-toggle=\"dropdown\" aria-haspopup=\"true\" aria-expanded=\"false\">\r\n        <i class=\"fas fa-share-alt\"><\/i><span class=\"zw-share-meta\">Partager<\/span>\r\n        <\/a>\r\n        <div class=\"zw-share-dropdown-menu dropdown-menu\" aria-labelledby=\"dropdownMenuLink\"><div class=\"dropdown-inner\"><p class=\"zw-share-heading fulltext\">Partager<\/p><a class=\"zw-social-share-toggler fulltext\" href=\"#\" role=\"button\" id=\"dropdownMenuLink\" data-toggle=\"dropdown\" aria-label=\"Close\">\u2715<\/a><div class=\"social-inner-icons\"><a class=\"dropdown-item \" target=\"_blank\" rel=\"nofollow\" href=\"https:\/\/www.linkedin.com\/cws\/share?url=https%3A%2F%2Fwww.atreus.de%2Ffr%2Fatreus-dans-les-medias%2Fcybersecurite-pourquoi-les-entreprises-doivent-se-poser-la-question-de-la-mentalite%2F&amp;title=Cybers%C3%A9curit%C3%A9%26nbsp%3B%3A+pourquoi+les+entreprises+doivent+se+poser+la+question+de+la+mentalit%C3%A9\"><i class=\"fab fa-linkedin fa-fw\"><\/i><\/a><a class=\"dropdown-item \" target=\"_blank\" rel=\"nofollow\" href=\"https:\/\/www.xing.com\/spi\/shares\/new?url=https%3A%2F%2Fwww.atreus.de%2Ffr%2Fatreus-dans-les-medias%2Fcybersecurite-pourquoi-les-entreprises-doivent-se-poser-la-question-de-la-mentalite%2F\"><i class=\"fab fa-xing fa-fw\"><\/i><\/a><a class=\"dropdown-item \" target=\"_blank\" rel=\"nofollow\" href=\"https:\/\/www.facebook.com\/sharer\/sharer.php?u=https%3A%2F%2Fwww.atreus.de%2Ffr%2Fatreus-dans-les-medias%2Fcybersecurite-pourquoi-les-entreprises-doivent-se-poser-la-question-de-la-mentalite%2F&amp;t=Cybers%C3%A9curit%C3%A9%26nbsp%3B%3A+pourquoi+les+entreprises+doivent+se+poser+la+question+de+la+mentalit%C3%A9\"><i class=\"fab fa-facebook-square fa-fw\"><\/i><\/a><a class=\"dropdown-item \" target=\"_blank\" rel=\"nofollow\" href=\"https:\/\/twitter.com\/intent\/tweet?url=https%3A%2F%2Fwww.atreus.de%2Ffr%2Fatreus-dans-les-medias%2Fcybersecurite-pourquoi-les-entreprises-doivent-se-poser-la-question-de-la-mentalite%2F&amp;text=Cybers%C3%A9curit%C3%A9%26nbsp%3B%3A+pourquoi+les+entreprises+doivent+se+poser+la+question+de+la+mentalit%C3%A9\"><i class=\"fab fa-twitter fa-fw\"><\/i><\/a>  <\/div><\/div><\/div>\r\n    <\/div><\/div><\/div><div class=\"zw-cgb zw-cgb-button-container \"><a href=\"https:\/\/www.atreus.de\/fr\/atreus-dans-les-medias\/cybersecurite-pourquoi-les-entreprises-doivent-se-poser-la-question-de-la-mentalite\/\" class=\"zw-cgb btn btn-primary \">Lire la suite<\/a><\/div>        <\/div>\n            <\/div>\n      <div class=\"zw-spacer px-0\"><\/div>\n        <\/div>\n    <\/div>\n\n","protected":false},"excerpt":{"rendered":"<div  class=\"zw-cgb header-standard-block  desktop-has-image mobile-has-image default-margin white-color content-right content-down zw-atr-portrait-pos-default zw-atr-landscape-pos-right-top height-default \">\n<div class=\"row\">\n<div class=\"zw-cgb-content col-12 mx-auto\">\n<div  class=\"header-standard-inner-container\">\n<div class=\"bg-image\"><span class=\"copyright-image d-none d-lg-block\">\u00a9 sam richter\u2013 stock.adobe.com<\/span><img decoding=\"async\" class=\"respnsive-img d-none d-lg-block\" loading=\"lazy\" alt=\"\" src=\"https:\/\/www.atreus.de\/wp-content\/uploads\/2023\/08\/header-20230829-presseartikel-ki.jpg\" srcset=\"https:\/\/www.atreus.de\/wp-content\/uploads\/2023\/08\/header-20230829-presseartikel-ki.jpg 1920w, https:\/\/www.atreus.de\/wp-content\/uploads\/2023\/08\/header-20230829-presseartikel-ki-768x432.jpg 768w, https:\/\/www.atreus.de\/wp-content\/uploads\/2023\/08\/header-20230829-presseartikel-ki-1024x576.jpg 1024w, https:\/\/www.atreus.de\/wp-content\/uploads\/2023\/08\/header-20230829-presseartikel-ki-480x270.jpg 480w, https:\/\/www.atreus.de\/wp-content\/uploads\/2023\/08\/header-20230829-presseartikel-ki-1440x810.jpg 1440w\" sizes=\"(max-width: 1920px) 100vw, 1920px\"style='aspect-ratio:1920\/1080 !important'><span class=\"copyright-image d-lg-none d-block\"><\/span><img decoding=\"async\" class=\"responsive-img d-lg-none d-block\" loading=\"lazy\" alt=\"\" src=\"https:\/\/www.atreus.de\/wp-content\/uploads\/2023\/08\/teaser-4zu3-20230829-presseartikel-ki.jpg\" srcset=\"https:\/\/www.atreus.de\/wp-content\/uploads\/2023\/08\/teaser-4zu3-20230829-presseartikel-ki.jpg 823w, https:\/\/www.atreus.de\/wp-content\/uploads\/2023\/08\/teaser-4zu3-20230829-presseartikel-ki-768x578.jpg 768w, https:\/\/www.atreus.de\/wp-content\/uploads\/2023\/08\/teaser-4zu3-20230829-presseartikel-ki-480x361.jpg 480w\" sizes=\"(max-width: 1024px) 100vw, 1024px\"style='aspect-ratio:823\/619 !important'><\/div>\n<div class=\"preheadline-container\">\n<div class=\"zw-breadcrumb-container black-color d-md-down-none\"><\/div>\n<p class=\" zw-cgb preheadline zw-prevent-animation\">Atreus dans les m\u00e9dias<\/p>\n<h2 class=\" zw-cgb headline zw-prevent-animation\">Introduction de l\u2019intelligence artificielle dans le management&nbsp;: facteurs de succ\u00e8s et champs d\u2019application<\/h2>\n<\/div>\n<\/div>\n<\/div>\n<\/div>\n<\/div>\n<div class=\"zw-breadcrumb-container black-color d-none d-md-down-block\">\n<nav aria-label=\"breadcrumbs\" class=\"rank-math-breadcrumb\">\n<p><span class=\"label\">c<\/span> <a href=\"https:\/\/www.atreus.de\/fr\">Home<\/a><span class=\"separator\"> c <\/span><a href=\"https:\/\/www.atreus.de\/fr\/publications-et-evenements\/mediatheque\/\">Actualit\u00e9s<\/a><span class=\"separator\"> c <\/span><span class=\"last\"><\/span><\/p>\n<\/nav>\n<\/div>\n<div class=\"post-meta-info-container in-blog-post\">\n<div class=\"in-blog-post post-read-time\">\n<p class=\"zw-cgb fulltext\"><i class=\"far fa-clock\"><\/i>3 temps de lecture min<\/p>\n<\/div>\n<div class=\"post-rating-container d-none\"><!-- FeedbackWP Plugin - Results Widget --><\/p>\n<div  class=\"rmp-results-widget js-rmp-results-widget js-rmp-results-widget--524329 \"  data-post-id=\"524329\">\n<div class=\"rmp-results-widget__visual-rating\">    <i class=\"js-rmp-results-icon rmp-icon rmp-icon--ratings rmp-icon--star \"><\/i><i class=\"js-rmp-results-icon rmp-icon rmp-icon--ratings rmp-icon--star \"><\/i><i class=\"js-rmp-results-icon rmp-icon rmp-icon--ratings rmp-icon--star \"><\/i><i class=\"js-rmp-results-icon rmp-icon rmp-icon--ratings rmp-icon--star \"><\/i><i class=\"js-rmp-results-icon rmp-icon rmp-icon--ratings rmp-icon--star \"><\/i>  <\/div>\n<div class=\"rmp-results-widget__avg-rating\">    <span class=\"js-rmp-avg-rating\">          <\/span>  <\/div>\n<div class=\"rmp-results-widget__vote-count\">    (<span class=\"js-rmp-vote-count\"><\/span>)  <\/div>\n<\/div><\/div>\n<div class=\"post-social-share\">\n<div class=\"zw-social-share dropdown show\">\n        <a class=\"zw-social-share-toggler\" href=\"#\" role=\"button\" id=\"dropdownMenuLink\" data-toggle=\"dropdown\" aria-haspopup=\"true\" aria-expanded=\"false\"><br \/>\n        <i class=\"fas fa-share-alt\"><\/i><span class=\"zw-share-meta\">Partager<\/span><br \/>\n        <\/a><\/p>\n<div class=\"zw-share-dropdown-menu dropdown-menu\" aria-labelledby=\"dropdownMenuLink\">\n<div class=\"dropdown-inner\">\n<p class=\"zw-share-heading fulltext\">Partager<\/p>\n<p><a class=\"zw-social-share-toggler fulltext\" href=\"#\" role=\"button\" id=\"dropdownMenuLink\" data-toggle=\"dropdown\" aria-label=\"Close\">\u2715<\/a><\/p>\n<div class=\"social-inner-icons\"><a class=\"dropdown-item \" target=\"_blank\" rel=\"nofollow\" href=\"https:\/\/www.linkedin.com\/cws\/share?url=https%3A%2F%2Fwww.atreus.de%2Ffr%2Fatreus-dans-les-medias%2Fintelligence-artificielle-lia-doit-etre-rendue-tangible-pour-les-collaborateurs%2F&amp;title=Intelligence+artificielle%26nbsp%3B%3A+%C2%AB%26nbsp%3BL%E2%80%99IA+doit+%C3%AAtre+rendue+tangible+pour+les+collaborateurs%26nbsp%3B%C2%BB\"><i class=\"fab fa-linkedin fa-fw\"><\/i><\/a><a class=\"dropdown-item \" target=\"_blank\" rel=\"nofollow\" href=\"https:\/\/www.xing.com\/spi\/shares\/new?url=https%3A%2F%2Fwww.atreus.de%2Ffr%2Fatreus-dans-les-medias%2Fintelligence-artificielle-lia-doit-etre-rendue-tangible-pour-les-collaborateurs%2F\"><i class=\"fab fa-xing fa-fw\"><\/i><\/a><a class=\"dropdown-item \" target=\"_blank\" rel=\"nofollow\" href=\"https:\/\/www.facebook.com\/sharer\/sharer.php?u=https%3A%2F%2Fwww.atreus.de%2Ffr%2Fatreus-dans-les-medias%2Fintelligence-artificielle-lia-doit-etre-rendue-tangible-pour-les-collaborateurs%2F&amp;t=Intelligence+artificielle%26nbsp%3B%3A+%C2%AB%26nbsp%3BL%E2%80%99IA+doit+%C3%AAtre+rendue+tangible+pour+les+collaborateurs%26nbsp%3B%C2%BB\"><i class=\"fab fa-facebook-square fa-fw\"><\/i><\/a><a class=\"dropdown-item \"  target=\"_blank\" rel=\"nofollow\" href=\"https:\/\/twitter.com\/intent\/tweet?url=https%3A%2F%2Fwww.atreus.de%2Ffr%2Fatreus-dans-les-medias%2Fintelligence-artificielle-lia-doit-etre-rendue-tangible-pour-les-collaborateurs%2F&amp;text=Intelligence+artificielle%26nbsp%3B%3A+%C2%AB%26nbsp%3BL%E2%80%99IA+doit+%C3%AAtre+rendue+tangible+pour+les+collaborateurs%26nbsp%3B%C2%BB\"><i class=\"fab fa-twitter fa-fw\"><\/i><\/a>  <\/div>\n<\/div>\n<\/div><\/div>\n<\/div>\n<div class=\"post-rating-block\"><!-- Rate my Post Plugin --><\/p>\n<div  class=\"rmp-widgets-container rmp-wp-plugin rmp-main-container js-rmp-widgets-container my-0 js-rmp-widgets-container--524329 \"  data-post-id=\"524329\">    <!-- Rating widget -->  <\/p>\n<div class=\"rmp-rating-widget js-rmp-rating-widget py-0\">\n<div class=\"rmp-rating-widget__icons my-0\">\n<div class=\"btn btn-primary\" onclick=\"zw_show_rating_stars(jQuery(this))\">\u00c9valuez nous<\/div>\n<ul class=\"rmp-rating-widget__icons-list js-rmp-rating-icons-list d-none\">\n<li class=\"rmp-rating-widget__icons-list__icon js-rmp-rating-item\" data-descriptive-rating=\"Not at all useful\" data-value=\"1\">            <i class=\"js-rmp-rating-icon rmp-icon rmp-icon--ratings rmp-icon--star\"><\/i>          <\/li>\n<li class=\"rmp-rating-widget__icons-list__icon js-rmp-rating-item\" data-descriptive-rating=\"Somewhat useful\" data-value=\"2\">            <i class=\"js-rmp-rating-icon rmp-icon rmp-icon--ratings rmp-icon--star\"><\/i>          <\/li>\n<li class=\"rmp-rating-widget__icons-list__icon js-rmp-rating-item\" data-descriptive-rating=\"Useful\" data-value=\"3\">            <i class=\"js-rmp-rating-icon rmp-icon rmp-icon--ratings rmp-icon--star\"><\/i>          <\/li>\n<li class=\"rmp-rating-widget__icons-list__icon js-rmp-rating-item\" data-descriptive-rating=\"Fairly useful\" data-value=\"4\">            <i class=\"js-rmp-rating-icon rmp-icon rmp-icon--ratings rmp-icon--star\"><\/i>          <\/li>\n<li class=\"rmp-rating-widget__icons-list__icon js-rmp-rating-item\" data-descriptive-rating=\"Very useful\" data-value=\"5\">            <i class=\"js-rmp-rating-icon rmp-icon rmp-icon--ratings rmp-icon--star\"><\/i>          <\/li>\n<\/ul><\/div>\n<p>    <button class=\"rmp-rating-widget__submit-btn rmp-btn js-submit-rating-btn my-0\">      Submit Rating    <\/button>    <\/p>\n<p class=\"rmp-rating-widget__not-rated js-rmp-not-rated my-0 rmp-rating-widget__not-rated--hidden\">      No votes so far! Be the first to rate this post.    <\/p>\n<p class=\"rmp-rating-widget__msg js-rmp-msg black-color my-0\">\n<\/p><\/div>\n<p>  <!--Structured data -->    <\/div>\n<\/div>\n<\/div>\n","protected":false},"author":12,"featured_media":420829,"comment_status":"closed","ping_status":"closed","sticky":false,"template":"","format":"standard","meta":{"_relevanssi_hide_post":"","_relevanssi_hide_content":"","_relevanssi_pin_for_all":"","_relevanssi_pin_keywords":"","_relevanssi_unpin_keywords":"","_relevanssi_related_keywords":"","_relevanssi_related_include_ids":"","_relevanssi_related_exclude_ids":"","_relevanssi_related_no_append":"","_relevanssi_related_not_related":"","_relevanssi_related_posts":"524314","_relevanssi_noindex_reason":"","_zw_phone_override":"","footnotes":""},"categories":[721],"tags":[],"newsticker-publication":[],"competences":[685,674,680],"industry-sectors":[],"typ-news":[723],"class_list":["post-524329","post","type-post","status-publish","format-standard","has-post-thumbnail","hentry","category-atreus-dans-les-medias","competences-innovation-fr","competences-it-fr","competences-numerisation","typ-news-atreus-dans-les-medias"],"_links":{"self":[{"href":"https:\/\/www.atreus.de\/fr\/wp-json\/wp\/v2\/posts\/524329","targetHints":{"allow":["GET"]}}],"collection":[{"href":"https:\/\/www.atreus.de\/fr\/wp-json\/wp\/v2\/posts"}],"about":[{"href":"https:\/\/www.atreus.de\/fr\/wp-json\/wp\/v2\/types\/post"}],"author":[{"embeddable":true,"href":"https:\/\/www.atreus.de\/fr\/wp-json\/wp\/v2\/users\/12"}],"replies":[{"embeddable":true,"href":"https:\/\/www.atreus.de\/fr\/wp-json\/wp\/v2\/comments?post=524329"}],"version-history":[{"count":0,"href":"https:\/\/www.atreus.de\/fr\/wp-json\/wp\/v2\/posts\/524329\/revisions"}],"wp:featuredmedia":[{"embeddable":true,"href":"https:\/\/www.atreus.de\/fr\/wp-json\/wp\/v2\/media\/420829"}],"wp:attachment":[{"href":"https:\/\/www.atreus.de\/fr\/wp-json\/wp\/v2\/media?parent=524329"}],"wp:term":[{"taxonomy":"category","embeddable":true,"href":"https:\/\/www.atreus.de\/fr\/wp-json\/wp\/v2\/categories?post=524329"},{"taxonomy":"post_tag","embeddable":true,"href":"https:\/\/www.atreus.de\/fr\/wp-json\/wp\/v2\/tags?post=524329"},{"taxonomy":"newsticker-publication","embeddable":true,"href":"https:\/\/www.atreus.de\/fr\/wp-json\/wp\/v2\/newsticker-publication?post=524329"},{"taxonomy":"competences","embeddable":true,"href":"https:\/\/www.atreus.de\/fr\/wp-json\/wp\/v2\/competences?post=524329"},{"taxonomy":"industry-sectors","embeddable":true,"href":"https:\/\/www.atreus.de\/fr\/wp-json\/wp\/v2\/industry-sectors?post=524329"},{"taxonomy":"typ-news","embeddable":true,"href":"https:\/\/www.atreus.de\/fr\/wp-json\/wp\/v2\/typ-news?post=524329"}],"curies":[{"name":"wp","href":"https:\/\/api.w.org\/{rel}","templated":true}]}}