{"id":524336,"date":"2023-03-01T16:27:09","date_gmt":"2023-03-01T15:27:09","guid":{"rendered":"https:\/\/www.atreus.de\/?p=524336"},"modified":"2024-10-18T10:32:56","modified_gmt":"2024-10-18T08:32:56","slug":"le-management-de-transition-une-profession-passionnante-mais-ou-sont-les-femmes","status":"publish","type":"post","link":"https:\/\/www.atreus.de\/fr\/atreus-dans-les-medias\/le-management-de-transition-une-profession-passionnante-mais-ou-sont-les-femmes\/","title":{"rendered":"Le management de transition, une profession passionnante \u2014 mais o\u00f9 sont les femmes&nbsp;?"},"content":{"rendered":"<div  class=\"zw-cgb header-standard-block is-first-block desktop-has-image mobile-has-image default-margin white-color content-right content-down zw-atr-portrait-pos-left-bottom zw-atr-landscape-pos-left-top height-default \"><div class=\"row\"><div class=\"zw-cgb-content col-12 mx-auto\"><div  class=\"header-standard-inner-container\"><div class=\"bg-image\"><span class=\"copyright-image d-none d-lg-block\">@insta_photos &#8211; stock.adobe.com<\/span><img decoding=\"async\" class=\"respnsive-img d-none d-lg-block\" loading=\"lazy\" alt=\"atreus_\" src=\"https:\/\/www.atreus.de\/wp-content\/uploads\/2023\/02\/header-20230223-artikel-interim-Management-als-spannendes-berufsbild.jpg\" srcset=\"https:\/\/www.atreus.de\/wp-content\/uploads\/2023\/02\/header-20230223-artikel-interim-Management-als-spannendes-berufsbild.jpg 1920w, https:\/\/www.atreus.de\/wp-content\/uploads\/2023\/02\/header-20230223-artikel-interim-Management-als-spannendes-berufsbild-768x432.jpg 768w, https:\/\/www.atreus.de\/wp-content\/uploads\/2023\/02\/header-20230223-artikel-interim-Management-als-spannendes-berufsbild-1024x576.jpg 1024w, https:\/\/www.atreus.de\/wp-content\/uploads\/2023\/02\/header-20230223-artikel-interim-Management-als-spannendes-berufsbild-480x270.jpg 480w, https:\/\/www.atreus.de\/wp-content\/uploads\/2023\/02\/header-20230223-artikel-interim-Management-als-spannendes-berufsbild-1440x810.jpg 1440w\" sizes=\"(max-width: 1920px) 100vw, 1920px\" style=\"aspect-ratio:1920\/1080 !important\" title=\"atreus_\"><span class=\"copyright-image d-lg-none d-block\">@insta_photos &#8211; stock.adobe.com<\/span><img decoding=\"async\" class=\"responsive-img d-lg-none d-block\" loading=\"lazy\" alt=\"atreus_\" src=\"https:\/\/www.atreus.de\/wp-content\/uploads\/2023\/02\/header-20230223-artikel-interim-Management-als-spannendes-berufsbild-1024x576.jpg\" srcset=\"https:\/\/www.atreus.de\/wp-content\/uploads\/2023\/02\/header-20230223-artikel-interim-Management-als-spannendes-berufsbild-1024x576.jpg 1024w, https:\/\/www.atreus.de\/wp-content\/uploads\/2023\/02\/header-20230223-artikel-interim-Management-als-spannendes-berufsbild-768x432.jpg 768w, https:\/\/www.atreus.de\/wp-content\/uploads\/2023\/02\/header-20230223-artikel-interim-Management-als-spannendes-berufsbild-480x270.jpg 480w, https:\/\/www.atreus.de\/wp-content\/uploads\/2023\/02\/header-20230223-artikel-interim-Management-als-spannendes-berufsbild-1440x810.jpg 1440w, https:\/\/www.atreus.de\/wp-content\/uploads\/2023\/02\/header-20230223-artikel-interim-Management-als-spannendes-berufsbild.jpg 1920w\" sizes=\"(max-width: 1024px) 100vw, 1024px\" style=\"aspect-ratio:1920\/1080 !important\" title=\"atreus_\"><\/div><div class=\"preheadline-container\"><div class=\"zw-breadcrumb-container black-color d-md-down-none\"><\/div><p class=\" zw-cgb preheadline zw-prevent-animation\">Atreus dans les m\u00e9dias<\/p><h1 class=\" zw-cgb headline zw-prevent-animation\">Profil professionnel du management de transition \u2014 o\u00f9 sont les femmes&nbsp;?<\/h1><\/div><\/div><\/div><\/div><\/div><div class=\"zw-breadcrumb-container black-color d-none d-md-down-block\"><nav aria-label=\"breadcrumbs\" class=\"rank-math-breadcrumb\"><p><span class=\"label\">c<\/span> <a href=\"https:\/\/www.atreus.de\/fr\">Home<\/a><span class=\"separator\"> c <\/span><a href=\"https:\/\/www.atreus.de\/fr\/publications-et-evenements\/mediatheque\/\">Actualit\u00e9s<\/a><span class=\"separator\"> c <\/span><span class=\"last\"><\/span><\/p><\/nav><\/div><div class=\"post-meta-info-container in-blog-post\"><div class=\"in-blog-post post-read-time\"><p class=\"zw-cgb fulltext\"><i class=\"far fa-clock\"><\/i>1 temps de lecture min<\/p><\/div><div class=\"post-rating-container d-none\"><!-- FeedbackWP Plugin - Results Widget --><div  class=\"rmp-results-widget js-rmp-results-widget js-rmp-results-widget--524336 rmp-results-widget--not-rated\"  data-post-id=\"524336\">  <div class=\"rmp-results-widget__visual-rating\">    <i class=\"js-rmp-results-icon rmp-icon rmp-icon--ratings rmp-icon--star \"><\/i><i class=\"js-rmp-results-icon rmp-icon rmp-icon--ratings rmp-icon--star \"><\/i><i class=\"js-rmp-results-icon rmp-icon rmp-icon--ratings rmp-icon--star \"><\/i><i class=\"js-rmp-results-icon rmp-icon rmp-icon--ratings rmp-icon--star \"><\/i><i class=\"js-rmp-results-icon rmp-icon rmp-icon--ratings rmp-icon--star \"><\/i>  <\/div>  <div class=\"rmp-results-widget__avg-rating\">    <span class=\"js-rmp-avg-rating\">          <\/span>  <\/div>  <div class=\"rmp-results-widget__vote-count\">    (<span class=\"js-rmp-vote-count\"><\/span>)  <\/div><\/div> <\/div><div class=\"post-social-share\"><div class=\"zw-social-share dropdown show\">\r\n        <a class=\"zw-social-share-toggler\" href=\"#\" role=\"button\" id=\"dropdownMenuLink\" data-toggle=\"dropdown\" aria-haspopup=\"true\" aria-expanded=\"false\">\r\n        <i class=\"fas fa-share-alt\"><\/i><span class=\"zw-share-meta\">Partager<\/span>\r\n        <\/a>\r\n        <div class=\"zw-share-dropdown-menu dropdown-menu\" aria-labelledby=\"dropdownMenuLink\"><div class=\"dropdown-inner\"><p class=\"zw-share-heading fulltext\">Partager<\/p><a class=\"zw-social-share-toggler fulltext\" href=\"#\" role=\"button\" id=\"dropdownMenuLink\" data-toggle=\"dropdown\" aria-label=\"Close\">\u2715<\/a><div class=\"social-inner-icons\"><a class=\"dropdown-item \" target=\"_blank\" rel=\"nofollow\" href=\"https:\/\/www.linkedin.com\/cws\/share?url=https%3A%2F%2Fwww.atreus.de%2Ffr%2Fatreus-dans-les-medias%2Fle-management-de-transition-une-profession-passionnante-mais-ou-sont-les-femmes%2F&amp;title=Le+management+de+transition%2C+une+profession+passionnante+%E2%80%94+mais+o%C3%B9+sont+les+femmes%26nbsp%3B%3F\"><i class=\"fab fa-linkedin fa-fw\"><\/i><\/a><a class=\"dropdown-item \" target=\"_blank\" rel=\"nofollow\" href=\"https:\/\/www.xing.com\/spi\/shares\/new?url=https%3A%2F%2Fwww.atreus.de%2Ffr%2Fatreus-dans-les-medias%2Fle-management-de-transition-une-profession-passionnante-mais-ou-sont-les-femmes%2F\"><i class=\"fab fa-xing fa-fw\"><\/i><\/a><a class=\"dropdown-item \" target=\"_blank\" rel=\"nofollow\" href=\"https:\/\/www.facebook.com\/sharer\/sharer.php?u=https%3A%2F%2Fwww.atreus.de%2Ffr%2Fatreus-dans-les-medias%2Fle-management-de-transition-une-profession-passionnante-mais-ou-sont-les-femmes%2F&amp;t=Le+management+de+transition%2C+une+profession+passionnante+%E2%80%94+mais+o%C3%B9+sont+les+femmes%26nbsp%3B%3F\"><i class=\"fab fa-facebook-square fa-fw\"><\/i><\/a><a class=\"dropdown-item \"  target=\"_blank\" rel=\"nofollow\" href=\"https:\/\/twitter.com\/intent\/tweet?url=https%3A%2F%2Fwww.atreus.de%2Ffr%2Fatreus-dans-les-medias%2Fle-management-de-transition-une-profession-passionnante-mais-ou-sont-les-femmes%2F&amp;text=Le+management+de+transition%2C+une+profession+passionnante+%E2%80%94+mais+o%C3%B9+sont+les+femmes%26nbsp%3B%3F\"><i class=\"fab fa-twitter fa-fw\"><\/i><\/a>  <\/div><\/div><\/div>\r\n    <\/div><\/div><div class=\"post-rating-block\"><!-- Rate my Post Plugin --><div  class=\"rmp-widgets-container rmp-wp-plugin rmp-main-container js-rmp-widgets-container my-0 js-rmp-widgets-container--524336 \"  data-post-id=\"524336\">    <!-- Rating widget -->  <div class=\"rmp-rating-widget js-rmp-rating-widget py-0\">    <div class=\"rmp-rating-widget__icons my-0\">      <div class=\"btn btn-primary\" onclick=\"zw_show_rating_stars(jQuery(this))\">\u00c9valuez nous<\/div>      <ul class=\"rmp-rating-widget__icons-list js-rmp-rating-icons-list d-none\">                  <li class=\"rmp-rating-widget__icons-list__icon js-rmp-rating-item\" data-descriptive-rating=\"Not at all useful\" data-value=\"1\">            <i class=\"js-rmp-rating-icon rmp-icon rmp-icon--ratings rmp-icon--star\"><\/i>          <\/li>                  <li class=\"rmp-rating-widget__icons-list__icon js-rmp-rating-item\" data-descriptive-rating=\"Somewhat useful\" data-value=\"2\">            <i class=\"js-rmp-rating-icon rmp-icon rmp-icon--ratings rmp-icon--star\"><\/i>          <\/li>                  <li class=\"rmp-rating-widget__icons-list__icon js-rmp-rating-item\" data-descriptive-rating=\"Useful\" data-value=\"3\">            <i class=\"js-rmp-rating-icon rmp-icon rmp-icon--ratings rmp-icon--star\"><\/i>          <\/li>                  <li class=\"rmp-rating-widget__icons-list__icon js-rmp-rating-item\" data-descriptive-rating=\"Fairly useful\" data-value=\"4\">            <i class=\"js-rmp-rating-icon rmp-icon rmp-icon--ratings rmp-icon--star\"><\/i>          <\/li>                  <li class=\"rmp-rating-widget__icons-list__icon js-rmp-rating-item\" data-descriptive-rating=\"Very useful\" data-value=\"5\">            <i class=\"js-rmp-rating-icon rmp-icon rmp-icon--ratings rmp-icon--star\"><\/i>          <\/li>              <\/ul>    <\/div>    <button class=\"rmp-rating-widget__submit-btn rmp-btn js-submit-rating-btn my-0\">      Submit Rating    <\/button>    <p class=\"rmp-rating-widget__not-rated js-rmp-not-rated my-0 \">      No votes so far! Be the first to rate this post.    <\/p>    <p class=\"rmp-rating-widget__msg js-rmp-msg black-color my-0\"><\/p>  <\/div>  <!--Structured data -->    <\/div><\/div><\/div>\n\n\n    <div  class=\"zw-cgb  textblock black-color zw-content-pos-center  default-margin \">\n      <div class=\"row\">\n        <div class=\"zw-cgb-content col-12 g-0\">\n          <p class=\" zw-cgb fulltext \"><strong><strong>Eva von Rottkay, consultante RH chez Atreus, parle du profil professionnel du management de transition et de la raison pour laquelle les femmes sont encore sous-repr\u00e9sent\u00e9es<\/strong><\/strong><\/p><p class=\" zw-cgb fulltext \">Les femmes sont encore nettement sous-repr\u00e9sent\u00e9es dans le management de transition. Le march\u00e9 des managers de transition a connu une \u00e9volution positive au cours des dix derni\u00e8res ann\u00e9es, mais les femmes ne repr\u00e9sentent que 10&nbsp;% de l\u2019ensemble du march\u00e9. Les raisons en sont multiples, par exemple le profil professionnel encore m\u00e9connu ou les craintes concernant les risques en mati\u00e8re de protection sociale ou de pr\u00e9voyance vieillesse. Une carri\u00e8re dans le management de transition pourrait toutefois offrir des perspectives int\u00e9ressantes, en particulier pour les femmes dans certaines disciplines.<\/p><p class=\" zw-cgb fulltext \"><strong>March\u00e9 des managers par int\u00e9rim et exigences de cette profession <\/strong><\/p><p class=\" zw-cgb fulltext \">Dans de nombreux secteurs et constellations, les managers de transition sont n\u00e9cessaires pour relever avec succ\u00e8s des d\u00e9fis tels que les restructurations, le manque de personnel ou les nouvelles technologies. Les exigences sont clairement d\u00e9finies&nbsp;: on arrive dans l\u2019entreprise et on s\u2019y met tout de suite \u2014 il faut aimer \u00e7a et \u00eatre capable de le faire. Les comp\u00e9tences sociales jouent un r\u00f4le important \u00e0 cet \u00e9gard.<\/p><p class=\" zw-cgb fulltext \"><strong>Une demande croissante de femmes managers de transition <\/strong><\/p><p class=\" zw-cgb fulltext \">Depuis quelques ann\u00e9es, on observe une demande croissante de femmes managers de transition, car les femmes s\u00e9duisent par leur style de management, leurs comp\u00e9tences sociales et leur capacit\u00e9 \u00e0 apporter de nouvelles perspectives. De plus, les femmes encouragent \u00e9galement d\u2019autres femmes, ce qui peut \u00eatre un avantage pour le personnel.<\/p>        <\/div>\n      <\/div>\n    <\/div>\n\n\n\n\n\n\n    <div  class=\"zw-cgb  textblock black-color zw-content-pos-center  default-margin \">\n      <div class=\"row\">\n        <div class=\"zw-cgb-content col-12 g-0\">\n          <p class=\" zw-cgb fulltext \"><strong>Source&nbsp;: Personal Intern<\/strong><\/p><p class=\" zw-cgb fulltext \"><\/p><div class=\"zw-cgb unspecified\">\n    <div  class=\"zw-cgb  buttonBlock black-color default-margin \">\n      <div class=\"row\">\n        <div class=\"col-12 g-0\">\n          <div class=\"zw-button-container center\"><div class=\"zw-cgb zw-cgb-button-container \"><a class=\"zw-cgb btn btn-primary \" href=\"https:\/\/www.certo-gmbh.de\/redaktion\/2023\/02\/16\/interim-management-als-spannendes-berufsbild-doch-wo-sind-die-frauen\/\" target=\"_blank\" rel=\"noopener\">Lire l\u2019article complet sur Personal Intern<\/a><\/div><\/div>        <\/div>\n      <\/div>\n    <\/div>\n\n<\/div>        <\/div>\n      <\/div>\n    <\/div>\n\n\n\n\n<div style=\"height:100px\" aria-hidden=\"true\" class=\"wp-block-spacer\"><\/div>\n\n\n\n\n\n\n\n<div style=\"height:100px\" aria-hidden=\"true\" class=\"wp-block-spacer\"><\/div>\n\n\n    <div  class=\"zw-cgb  change-padding  infoblock default-margin black-color  \">\n      <div class=\" row\">\n        <div class=\"zw-cgb-content has-padding col-12\">\n          <div class=\"preheadline-container parent-has-padding\"><p class=\" zw-cgb preheadline ' .  . '\">Ces articles pourraient \u00e9galement vous int\u00e9resser<\/p><\/div><div class=\"inner-content parent-has-padding\"><div class=\"link-container\"><\/div><\/div>        <\/div>\n      <\/div>\n    <\/div>\n\n\n\n    <div  class=\"zw-cgb  latestPosts default-margin \">\n      <div class=\"row zw-cgb-content\">\n        \n      <div  class=\"zw-cgb latestPostsContent px-0 col-12 event content-2-3  show-featured-image \">\n\n\n        <div class=\"image-container single-featured\"><a href=\"https:\/\/www.atreus.de\/fr\/evenement\/comment-les-applications-basees-sur-les-donnees-et-lia-comme-chatgpt-transforment-elles-le-monde-des-biens-de-consommation-et-du-commerce\/\"><span class=\"copyright-image\"><\/span><img decoding=\"async\" loading=\"lazy\" alt=\"atreus_\" src=\"https:\/\/www.atreus.de\/wp-content\/uploads\/2023\/06\/teaser-4zu3-20230725-Alounge-KH-KI.jpg\" srcset=\"https:\/\/www.atreus.de\/wp-content\/uploads\/2023\/06\/teaser-4zu3-20230725-Alounge-KH-KI.jpg 823w, https:\/\/www.atreus.de\/wp-content\/uploads\/2023\/06\/teaser-4zu3-20230725-Alounge-KH-KI-768x578.jpg 768w, https:\/\/www.atreus.de\/wp-content\/uploads\/2023\/06\/teaser-4zu3-20230725-Alounge-KH-KI-480x361.jpg 480w\" sizes=\"(max-width: 1024px) 100vw, 1024px\" style=\"aspect-ratio:823\/619 !important\" title=\"atreus_\"><\/a><\/div><div class=\"image-container double-featured\"><a href=\"https:\/\/www.atreus.de\/fr\/evenement\/comment-les-applications-basees-sur-les-donnees-et-lia-comme-chatgpt-transforment-elles-le-monde-des-biens-de-consommation-et-du-commerce\/\"><span class=\"copyright-image\"><\/span><img decoding=\"async\" loading=\"lazy\" alt=\"atreus_\" src=\"https:\/\/www.atreus.de\/wp-content\/uploads\/2023\/06\/teaser-landscape-20230725-Alounge-KH-KI.jpg\" srcset=\"https:\/\/www.atreus.de\/wp-content\/uploads\/2023\/06\/teaser-landscape-20230725-Alounge-KH-KI.jpg 1098w, https:\/\/www.atreus.de\/wp-content\/uploads\/2023\/06\/teaser-landscape-20230725-Alounge-KH-KI-768x288.jpg 768w, https:\/\/www.atreus.de\/wp-content\/uploads\/2023\/06\/teaser-landscape-20230725-Alounge-KH-KI-1024x384.jpg 1024w, https:\/\/www.atreus.de\/wp-content\/uploads\/2023\/06\/teaser-landscape-20230725-Alounge-KH-KI-480x180.jpg 480w\" sizes=\"(max-width: 1024px) 100vw, 1024px\" style=\"aspect-ratio:1098\/412 !important\" title=\"atreus_\"><\/a><\/div>        <div class=\"content-container has-excerpt posttype-event blue-400 white-color\">\n          <div class=\"preheadline-container parent-has-padding\"><p class=\"zw-cgb preheadline\">A-lounge | 25.07.2023<\/p><\/div><a href=\"https:\/\/www.atreus.de\/fr\/evenement\/comment-les-applications-basees-sur-les-donnees-et-lia-comme-chatgpt-transforment-elles-le-monde-des-biens-de-consommation-et-du-commerce\/\"><h2 class=\" zw-cgb headline\">Comment les applications bas\u00e9es sur les donn\u00e9es et l\u2019IA, comme ChatGPT, transforment-elles le monde des biens de consommation et du commerce&nbsp;?<\/h2><\/a><p class=\" zw-cgb fulltext\">L\u2019IA et les applications bas\u00e9es sur les donn\u00e9es ouvrent aux entreprises des opportunit\u00e9s d\u2019optimisation des processus et d\u2019innovation. D\u00e9couvrez dans l\u2019Atreus A.lounge une mise en \u0153uvre r\u00e9ussie dans le secteur des biens de consommation et du commerce.<\/p><div class=\"zw-cgb zw-cgb-button-container \"><a href=\"https:\/\/www.atreus.de\/fr\/evenement\/comment-les-applications-basees-sur-les-donnees-et-lia-comme-chatgpt-transforment-elles-le-monde-des-biens-de-consommation-et-du-commerce\/\" class=\"zw-cgb btn btn-primary \">Lire la suite<\/a><\/div>        <\/div>\n            <\/div>\n      <div class=\"zw-spacer px-0\"><\/div>\n  \n      <div  class=\"zw-cgb latestPostsContent px-0 col-12 post content-1-3  show-featured-image \">\n\n\n        <div class=\"image-container single-featured\"><a href=\"https:\/\/www.atreus.de\/fr\/atreus-dans-les-medias\/aucune-entreprise-ne-peut-ignorer-le-theme-de-la-durabilite\/\"><span class=\"copyright-image\"><\/span><img decoding=\"async\" loading=\"lazy\" alt=\"atreus_\" src=\"https:\/\/www.atreus.de\/wp-content\/uploads\/2023\/03\/TEASER1.jpg\" srcset=\"https:\/\/www.atreus.de\/wp-content\/uploads\/2023\/03\/TEASER1.jpg 1098w, https:\/\/www.atreus.de\/wp-content\/uploads\/2023\/03\/TEASER1-768x288.jpg 768w, https:\/\/www.atreus.de\/wp-content\/uploads\/2023\/03\/TEASER1-1024x384.jpg 1024w, https:\/\/www.atreus.de\/wp-content\/uploads\/2023\/03\/TEASER1-480x180.jpg 480w\" sizes=\"(max-width: 1024px) 100vw, 1024px\" style=\"aspect-ratio:1098\/412 !important\" title=\"atreus_\"><\/a><\/div><div class=\"image-container double-featured\"><a href=\"https:\/\/www.atreus.de\/fr\/atreus-dans-les-medias\/aucune-entreprise-ne-peut-ignorer-le-theme-de-la-durabilite\/\"><span class=\"copyright-image\"><\/span><img decoding=\"async\" loading=\"lazy\" alt=\"atreus_\" src=\"https:\/\/www.atreus.de\/wp-content\/uploads\/2023\/03\/TEASER1.jpg\" srcset=\"https:\/\/www.atreus.de\/wp-content\/uploads\/2023\/03\/TEASER1.jpg 1098w, https:\/\/www.atreus.de\/wp-content\/uploads\/2023\/03\/TEASER1-768x288.jpg 768w, https:\/\/www.atreus.de\/wp-content\/uploads\/2023\/03\/TEASER1-1024x384.jpg 1024w, https:\/\/www.atreus.de\/wp-content\/uploads\/2023\/03\/TEASER1-480x180.jpg 480w\" sizes=\"(max-width: 1024px) 100vw, 1024px\" style=\"aspect-ratio:1098\/412 !important\" title=\"atreus_\"><\/a><\/div>        <div class=\"content-container has-excerpt posttype-post blue-600 white-color\">\n          <div class=\"preheadline-container parent-has-padding\"><p class=\"zw-cgb preheadline\">Atreus dans les m\u00e9dias<\/p><\/div><a href=\"https:\/\/www.atreus.de\/fr\/atreus-dans-les-medias\/aucune-entreprise-ne-peut-ignorer-le-theme-de-la-durabilite\/\"><h2 class=\" zw-cgb headline\">Aucune entreprise ne peut ignorer la question du d\u00e9veloppement durable<\/h2><\/a><p class=\" zw-cgb fulltext\">Dans le journal B\u00f6rsen-Zeitung, le Managing Partner et directeur g\u00e9n\u00e9ral d\u2019Atreus, Harald Linn\u00e9, et le directeur d\u2019Atreus, Robert Minge, expliquent dans quelle mesure la pertinence croissante de la durabilit\u00e9 devient une partie int\u00e9grante de l\u2019\u00e9valuation des entreprises.<\/p><div class=\"post-meta-info-container\"><div class=\"post-read-time\"><p class=\"zw-cgb fulltext\"><i class=\"far fa-clock\"><\/i>3 temps de lecture min<\/p><\/div><div class=\"post-rating-container d-none\"><!-- FeedbackWP Plugin - Results Widget --><div  class=\"rmp-results-widget js-rmp-results-widget js-rmp-results-widget--524345 \"  data-post-id=\"524345\">  <div class=\"rmp-results-widget__visual-rating\">    <i class=\"js-rmp-results-icon rmp-icon rmp-icon--ratings rmp-icon--star \"><\/i><i class=\"js-rmp-results-icon rmp-icon rmp-icon--ratings rmp-icon--star \"><\/i><i class=\"js-rmp-results-icon rmp-icon rmp-icon--ratings rmp-icon--star \"><\/i><i class=\"js-rmp-results-icon rmp-icon rmp-icon--ratings rmp-icon--star \"><\/i><i class=\"js-rmp-results-icon rmp-icon rmp-icon--ratings rmp-icon--star \"><\/i>  <\/div>  <div class=\"rmp-results-widget__avg-rating\">    <span class=\"js-rmp-avg-rating\">          <\/span>  <\/div>  <div class=\"rmp-results-widget__vote-count\">    (<span class=\"js-rmp-vote-count\"><\/span>)  <\/div><\/div> <\/div><div class=\"post-social-share\"><div class=\"zw-social-share dropdown show\">\r\n        <a class=\"zw-social-share-toggler\" href=\"#\" role=\"button\" id=\"dropdownMenuLink\" data-toggle=\"dropdown\" aria-haspopup=\"true\" aria-expanded=\"false\">\r\n        <i class=\"fas fa-share-alt\"><\/i><span class=\"zw-share-meta\">Partager<\/span>\r\n        <\/a>\r\n        <div class=\"zw-share-dropdown-menu dropdown-menu\" aria-labelledby=\"dropdownMenuLink\"><div class=\"dropdown-inner\"><p class=\"zw-share-heading fulltext\">Partager<\/p><a class=\"zw-social-share-toggler fulltext\" href=\"#\" role=\"button\" id=\"dropdownMenuLink\" data-toggle=\"dropdown\" aria-label=\"Close\">\u2715<\/a><div class=\"social-inner-icons\"><a class=\"dropdown-item \" target=\"_blank\" rel=\"nofollow\" href=\"https:\/\/www.linkedin.com\/cws\/share?url=https%3A%2F%2Fwww.atreus.de%2Ffr%2Fatreus-dans-les-medias%2Faucune-entreprise-ne-peut-ignorer-le-theme-de-la-durabilite%2F&amp;title=Aucune+entreprise+ne+peut+ignorer+la+question+du+d%C3%A9veloppement+durable\"><i class=\"fab fa-linkedin fa-fw\"><\/i><\/a><a class=\"dropdown-item \" target=\"_blank\" rel=\"nofollow\" href=\"https:\/\/www.xing.com\/spi\/shares\/new?url=https%3A%2F%2Fwww.atreus.de%2Ffr%2Fatreus-dans-les-medias%2Faucune-entreprise-ne-peut-ignorer-le-theme-de-la-durabilite%2F\"><i class=\"fab fa-xing fa-fw\"><\/i><\/a><a class=\"dropdown-item \" target=\"_blank\" rel=\"nofollow\" href=\"https:\/\/www.facebook.com\/sharer\/sharer.php?u=https%3A%2F%2Fwww.atreus.de%2Ffr%2Fatreus-dans-les-medias%2Faucune-entreprise-ne-peut-ignorer-le-theme-de-la-durabilite%2F&amp;t=Aucune+entreprise+ne+peut+ignorer+la+question+du+d%C3%A9veloppement+durable\"><i class=\"fab fa-facebook-square fa-fw\"><\/i><\/a><a class=\"dropdown-item \" target=\"_blank\" rel=\"nofollow\" href=\"https:\/\/twitter.com\/intent\/tweet?url=https%3A%2F%2Fwww.atreus.de%2Ffr%2Fatreus-dans-les-medias%2Faucune-entreprise-ne-peut-ignorer-le-theme-de-la-durabilite%2F&amp;text=Aucune+entreprise+ne+peut+ignorer+la+question+du+d%C3%A9veloppement+durable\"><i class=\"fab fa-twitter fa-fw\"><\/i><\/a>  <\/div><\/div><\/div>\r\n    <\/div><\/div><\/div><div class=\"zw-cgb zw-cgb-button-container \"><a href=\"https:\/\/www.atreus.de\/fr\/atreus-dans-les-medias\/aucune-entreprise-ne-peut-ignorer-le-theme-de-la-durabilite\/\" class=\"zw-cgb btn btn-primary \">Lire la suite<\/a><\/div>        <\/div>\n            <\/div>\n      <div class=\"zw-spacer px-0\"><\/div>\n        <\/div>\n    <\/div>\n\n","protected":false},"excerpt":{"rendered":"<div  class=\"zw-cgb header-standard-block  desktop-has-image mobile-has-image default-margin white-color content-right content-down zw-atr-portrait-pos-left-bottom zw-atr-landscape-pos-left-top height-default \">\n<div class=\"row\">\n<div class=\"zw-cgb-content col-12 mx-auto\">\n<div  class=\"header-standard-inner-container\">\n<div class=\"bg-image\"><span class=\"copyright-image d-none d-lg-block\">@insta_photos &#8211; stock.adobe.com<\/span><img decoding=\"async\" class=\"respnsive-img d-none d-lg-block\" loading=\"lazy\" alt=\"\" src=\"https:\/\/www.atreus.de\/wp-content\/uploads\/2023\/02\/header-20230223-artikel-interim-Management-als-spannendes-berufsbild.jpg\" srcset=\"https:\/\/www.atreus.de\/wp-content\/uploads\/2023\/02\/header-20230223-artikel-interim-Management-als-spannendes-berufsbild.jpg 1920w, https:\/\/www.atreus.de\/wp-content\/uploads\/2023\/02\/header-20230223-artikel-interim-Management-als-spannendes-berufsbild-768x432.jpg 768w, https:\/\/www.atreus.de\/wp-content\/uploads\/2023\/02\/header-20230223-artikel-interim-Management-als-spannendes-berufsbild-1024x576.jpg 1024w, https:\/\/www.atreus.de\/wp-content\/uploads\/2023\/02\/header-20230223-artikel-interim-Management-als-spannendes-berufsbild-480x270.jpg 480w, https:\/\/www.atreus.de\/wp-content\/uploads\/2023\/02\/header-20230223-artikel-interim-Management-als-spannendes-berufsbild-1440x810.jpg 1440w\" sizes=\"(max-width: 1920px) 100vw, 1920px\"style='aspect-ratio:1920\/1080 !important'><span class=\"copyright-image d-lg-none d-block\">@insta_photos &#8211; stock.adobe.com<\/span><img decoding=\"async\" class=\"responsive-img d-lg-none d-block\" loading=\"lazy\" alt=\"\" src=\"https:\/\/www.atreus.de\/wp-content\/uploads\/2023\/02\/header-20230223-artikel-interim-Management-als-spannendes-berufsbild-1024x576.jpg\" srcset=\"https:\/\/www.atreus.de\/wp-content\/uploads\/2023\/02\/header-20230223-artikel-interim-Management-als-spannendes-berufsbild-1024x576.jpg 1024w, https:\/\/www.atreus.de\/wp-content\/uploads\/2023\/02\/header-20230223-artikel-interim-Management-als-spannendes-berufsbild-768x432.jpg 768w, https:\/\/www.atreus.de\/wp-content\/uploads\/2023\/02\/header-20230223-artikel-interim-Management-als-spannendes-berufsbild-480x270.jpg 480w, https:\/\/www.atreus.de\/wp-content\/uploads\/2023\/02\/header-20230223-artikel-interim-Management-als-spannendes-berufsbild-1440x810.jpg 1440w, https:\/\/www.atreus.de\/wp-content\/uploads\/2023\/02\/header-20230223-artikel-interim-Management-als-spannendes-berufsbild.jpg 1920w\" sizes=\"(max-width: 1024px) 100vw, 1024px\"style='aspect-ratio:1920\/1080 !important'><\/div>\n<div class=\"preheadline-container\">\n<div class=\"zw-breadcrumb-container black-color d-md-down-none\"><\/div>\n<p class=\" zw-cgb preheadline zw-prevent-animation\">Atreus dans les m\u00e9dias<\/p>\n<h2 class=\" zw-cgb headline zw-prevent-animation\">Profil professionnel du management de transition \u2014 o\u00f9 sont les femmes&nbsp;?<\/h2>\n<\/div>\n<\/div>\n<\/div>\n<\/div>\n<\/div>\n<div class=\"zw-breadcrumb-container black-color d-none d-md-down-block\">\n<nav aria-label=\"breadcrumbs\" class=\"rank-math-breadcrumb\">\n<p><span class=\"label\">c<\/span> <a href=\"https:\/\/www.atreus.de\/fr\">Home<\/a><span class=\"separator\"> c <\/span><a href=\"https:\/\/www.atreus.de\/fr\/publications-et-evenements\/mediatheque\/\">Actualit\u00e9s<\/a><span class=\"separator\"> c <\/span><span class=\"last\"><\/span><\/p>\n<\/nav>\n<\/div>\n<div class=\"post-meta-info-container in-blog-post\">\n<div class=\"in-blog-post post-read-time\">\n<p class=\"zw-cgb fulltext\"><i class=\"far fa-clock\"><\/i>1 temps de lecture min<\/p>\n<\/div>\n<div class=\"post-rating-container d-none\"><!-- FeedbackWP Plugin - Results Widget --><\/p>\n<div  class=\"rmp-results-widget js-rmp-results-widget js-rmp-results-widget--524336 rmp-results-widget--not-rated\"  data-post-id=\"524336\">\n<div class=\"rmp-results-widget__visual-rating\">    <i class=\"js-rmp-results-icon rmp-icon rmp-icon--ratings rmp-icon--star \"><\/i><i class=\"js-rmp-results-icon rmp-icon rmp-icon--ratings rmp-icon--star \"><\/i><i class=\"js-rmp-results-icon rmp-icon rmp-icon--ratings rmp-icon--star \"><\/i><i class=\"js-rmp-results-icon rmp-icon rmp-icon--ratings rmp-icon--star \"><\/i><i class=\"js-rmp-results-icon rmp-icon rmp-icon--ratings rmp-icon--star \"><\/i>  <\/div>\n<div class=\"rmp-results-widget__avg-rating\">    <span class=\"js-rmp-avg-rating\">          <\/span>  <\/div>\n<div class=\"rmp-results-widget__vote-count\">    (<span class=\"js-rmp-vote-count\"><\/span>)  <\/div>\n<\/div><\/div>\n<div class=\"post-social-share\">\n<div class=\"zw-social-share dropdown show\">\n        <a class=\"zw-social-share-toggler\" href=\"#\" role=\"button\" id=\"dropdownMenuLink\" data-toggle=\"dropdown\" aria-haspopup=\"true\" aria-expanded=\"false\"><br \/>\n        <i class=\"fas fa-share-alt\"><\/i><span class=\"zw-share-meta\">Partager<\/span><br \/>\n        <\/a><\/p>\n<div class=\"zw-share-dropdown-menu dropdown-menu\" aria-labelledby=\"dropdownMenuLink\">\n<div class=\"dropdown-inner\">\n<p class=\"zw-share-heading fulltext\">Partager<\/p>\n<p><a class=\"zw-social-share-toggler fulltext\" href=\"#\" role=\"button\" id=\"dropdownMenuLink\" data-toggle=\"dropdown\" aria-label=\"Close\">\u2715<\/a><\/p>\n<div class=\"social-inner-icons\"><a class=\"dropdown-item \" target=\"_blank\" rel=\"nofollow\" href=\"https:\/\/www.linkedin.com\/cws\/share?url=https%3A%2F%2Fwww.atreus.de%2Ffr%2Fatreus-dans-les-medias%2Fle-management-de-transition-une-profession-passionnante-mais-ou-sont-les-femmes%2F&amp;title=Le+management+de+transition%2C+une+profession+passionnante+%E2%80%94+mais+o%C3%B9+sont+les+femmes%26nbsp%3B%3F\"><i class=\"fab fa-linkedin fa-fw\"><\/i><\/a><a class=\"dropdown-item \" target=\"_blank\" rel=\"nofollow\" href=\"https:\/\/www.xing.com\/spi\/shares\/new?url=https%3A%2F%2Fwww.atreus.de%2Ffr%2Fatreus-dans-les-medias%2Fle-management-de-transition-une-profession-passionnante-mais-ou-sont-les-femmes%2F\"><i class=\"fab fa-xing fa-fw\"><\/i><\/a><a class=\"dropdown-item \" target=\"_blank\" rel=\"nofollow\" href=\"https:\/\/www.facebook.com\/sharer\/sharer.php?u=https%3A%2F%2Fwww.atreus.de%2Ffr%2Fatreus-dans-les-medias%2Fle-management-de-transition-une-profession-passionnante-mais-ou-sont-les-femmes%2F&amp;t=Le+management+de+transition%2C+une+profession+passionnante+%E2%80%94+mais+o%C3%B9+sont+les+femmes%26nbsp%3B%3F\"><i class=\"fab fa-facebook-square fa-fw\"><\/i><\/a><a class=\"dropdown-item \"  target=\"_blank\" rel=\"nofollow\" href=\"https:\/\/twitter.com\/intent\/tweet?url=https%3A%2F%2Fwww.atreus.de%2Ffr%2Fatreus-dans-les-medias%2Fle-management-de-transition-une-profession-passionnante-mais-ou-sont-les-femmes%2F&amp;text=Le+management+de+transition%2C+une+profession+passionnante+%E2%80%94+mais+o%C3%B9+sont+les+femmes%26nbsp%3B%3F\"><i class=\"fab fa-twitter fa-fw\"><\/i><\/a>  <\/div>\n<\/div>\n<\/div><\/div>\n<\/div>\n<div class=\"post-rating-block\"><!-- Rate my Post Plugin --><\/p>\n<div  class=\"rmp-widgets-container rmp-wp-plugin rmp-main-container js-rmp-widgets-container my-0 js-rmp-widgets-container--524336 \"  data-post-id=\"524336\">    <!-- Rating widget -->  <\/p>\n<div class=\"rmp-rating-widget js-rmp-rating-widget py-0\">\n<div class=\"rmp-rating-widget__icons my-0\">\n<div class=\"btn btn-primary\" onclick=\"zw_show_rating_stars(jQuery(this))\">\u00c9valuez nous<\/div>\n<ul class=\"rmp-rating-widget__icons-list js-rmp-rating-icons-list d-none\">\n<li class=\"rmp-rating-widget__icons-list__icon js-rmp-rating-item\" data-descriptive-rating=\"Not at all useful\" data-value=\"1\">            <i class=\"js-rmp-rating-icon rmp-icon rmp-icon--ratings rmp-icon--star\"><\/i>          <\/li>\n<li class=\"rmp-rating-widget__icons-list__icon js-rmp-rating-item\" data-descriptive-rating=\"Somewhat useful\" data-value=\"2\">            <i class=\"js-rmp-rating-icon rmp-icon rmp-icon--ratings rmp-icon--star\"><\/i>          <\/li>\n<li class=\"rmp-rating-widget__icons-list__icon js-rmp-rating-item\" data-descriptive-rating=\"Useful\" data-value=\"3\">            <i class=\"js-rmp-rating-icon rmp-icon rmp-icon--ratings rmp-icon--star\"><\/i>          <\/li>\n<li class=\"rmp-rating-widget__icons-list__icon js-rmp-rating-item\" data-descriptive-rating=\"Fairly useful\" data-value=\"4\">            <i class=\"js-rmp-rating-icon rmp-icon rmp-icon--ratings rmp-icon--star\"><\/i>          <\/li>\n<li class=\"rmp-rating-widget__icons-list__icon js-rmp-rating-item\" data-descriptive-rating=\"Very useful\" data-value=\"5\">            <i class=\"js-rmp-rating-icon rmp-icon rmp-icon--ratings rmp-icon--star\"><\/i>          <\/li>\n<\/ul><\/div>\n<p>    <button class=\"rmp-rating-widget__submit-btn rmp-btn js-submit-rating-btn my-0\">      Submit Rating    <\/button>    <\/p>\n<p class=\"rmp-rating-widget__not-rated js-rmp-not-rated my-0 \">      No votes so far! Be the first to rate this post.    <\/p>\n<p class=\"rmp-rating-widget__msg js-rmp-msg black-color my-0\">\n<\/p><\/div>\n<p>  <!--Structured data -->    <\/div>\n<\/div>\n<\/div>\n","protected":false},"author":12,"featured_media":674819,"comment_status":"closed","ping_status":"closed","sticky":false,"template":"","format":"standard","meta":{"_relevanssi_hide_post":"","_relevanssi_hide_content":"","_relevanssi_pin_for_all":"","_relevanssi_pin_keywords":"","_relevanssi_unpin_keywords":"","_relevanssi_related_keywords":"","_relevanssi_related_include_ids":"","_relevanssi_related_exclude_ids":"","_relevanssi_related_no_append":"","_relevanssi_related_not_related":"","_relevanssi_related_posts":"524369,524345,524328,524329,524314,524337","_relevanssi_noindex_reason":"","_zw_phone_override":"","footnotes":""},"categories":[721],"tags":[],"newsticker-publication":[],"competences":[],"industry-sectors":[],"typ-news":[723],"class_list":["post-524336","post","type-post","status-publish","format-standard","has-post-thumbnail","hentry","category-atreus-dans-les-medias","typ-news-atreus-dans-les-medias"],"_links":{"self":[{"href":"https:\/\/www.atreus.de\/fr\/wp-json\/wp\/v2\/posts\/524336","targetHints":{"allow":["GET"]}}],"collection":[{"href":"https:\/\/www.atreus.de\/fr\/wp-json\/wp\/v2\/posts"}],"about":[{"href":"https:\/\/www.atreus.de\/fr\/wp-json\/wp\/v2\/types\/post"}],"author":[{"embeddable":true,"href":"https:\/\/www.atreus.de\/fr\/wp-json\/wp\/v2\/users\/12"}],"replies":[{"embeddable":true,"href":"https:\/\/www.atreus.de\/fr\/wp-json\/wp\/v2\/comments?post=524336"}],"version-history":[{"count":0,"href":"https:\/\/www.atreus.de\/fr\/wp-json\/wp\/v2\/posts\/524336\/revisions"}],"wp:featuredmedia":[{"embeddable":true,"href":"https:\/\/www.atreus.de\/fr\/wp-json\/wp\/v2\/media\/674819"}],"wp:attachment":[{"href":"https:\/\/www.atreus.de\/fr\/wp-json\/wp\/v2\/media?parent=524336"}],"wp:term":[{"taxonomy":"category","embeddable":true,"href":"https:\/\/www.atreus.de\/fr\/wp-json\/wp\/v2\/categories?post=524336"},{"taxonomy":"post_tag","embeddable":true,"href":"https:\/\/www.atreus.de\/fr\/wp-json\/wp\/v2\/tags?post=524336"},{"taxonomy":"newsticker-publication","embeddable":true,"href":"https:\/\/www.atreus.de\/fr\/wp-json\/wp\/v2\/newsticker-publication?post=524336"},{"taxonomy":"competences","embeddable":true,"href":"https:\/\/www.atreus.de\/fr\/wp-json\/wp\/v2\/competences?post=524336"},{"taxonomy":"industry-sectors","embeddable":true,"href":"https:\/\/www.atreus.de\/fr\/wp-json\/wp\/v2\/industry-sectors?post=524336"},{"taxonomy":"typ-news","embeddable":true,"href":"https:\/\/www.atreus.de\/fr\/wp-json\/wp\/v2\/typ-news?post=524336"}],"curies":[{"name":"wp","href":"https:\/\/api.w.org\/{rel}","templated":true}]}}