{"id":524345,"date":"2023-03-28T10:41:46","date_gmt":"2023-03-28T08:41:46","guid":{"rendered":"https:\/\/www.atreus.de\/?p=524345"},"modified":"2025-04-24T16:02:35","modified_gmt":"2025-04-24T14:02:35","slug":"aucune-entreprise-ne-peut-ignorer-le-theme-de-la-durabilite","status":"publish","type":"post","link":"https:\/\/www.atreus.de\/fr\/atreus-dans-les-medias\/aucune-entreprise-ne-peut-ignorer-le-theme-de-la-durabilite\/","title":{"rendered":"Aucune entreprise ne peut ignorer la question du d\u00e9veloppement durable"},"content":{"rendered":"<div  class=\"zw-cgb header-standard-block is-first-block desktop-has-image mobile-has-image default-margin white-color content-right content-down zw-atr-portrait-pos-left-bottom zw-atr-landscape-pos-left-top height-default \"><div class=\"row\"><div class=\"zw-cgb-content col-12 mx-auto\"><div  class=\"header-standard-inner-container\"><div class=\"bg-image\"><span class=\"copyright-image d-none d-lg-block\"><\/span><img decoding=\"async\" class=\"respnsive-img d-none d-lg-block\" loading=\"lazy\" alt=\"atreus_\" src=\"https:\/\/www.atreus.de\/wp-content\/uploads\/2023\/03\/header-20230322-Gastbeitrag-HL-RM-Boersenzeitung.jpg\" srcset=\"https:\/\/www.atreus.de\/wp-content\/uploads\/2023\/03\/header-20230322-Gastbeitrag-HL-RM-Boersenzeitung.jpg 1920w, https:\/\/www.atreus.de\/wp-content\/uploads\/2023\/03\/header-20230322-Gastbeitrag-HL-RM-Boersenzeitung-768x432.jpg 768w, https:\/\/www.atreus.de\/wp-content\/uploads\/2023\/03\/header-20230322-Gastbeitrag-HL-RM-Boersenzeitung-1024x576.jpg 1024w, https:\/\/www.atreus.de\/wp-content\/uploads\/2023\/03\/header-20230322-Gastbeitrag-HL-RM-Boersenzeitung-480x270.jpg 480w, https:\/\/www.atreus.de\/wp-content\/uploads\/2023\/03\/header-20230322-Gastbeitrag-HL-RM-Boersenzeitung-1440x810.jpg 1440w\" sizes=\"(max-width: 1920px) 100vw, 1920px\" style=\"aspect-ratio:1920\/1080 !important\" title=\"atreus_\"><span class=\"copyright-image d-lg-none d-block\"><\/span><img decoding=\"async\" class=\"responsive-img d-lg-none d-block\" loading=\"lazy\" alt=\"atreus_\" src=\"https:\/\/www.atreus.de\/wp-content\/uploads\/2023\/03\/TEASER2.jpg\" srcset=\"https:\/\/www.atreus.de\/wp-content\/uploads\/2023\/03\/TEASER2.jpg 823w, https:\/\/www.atreus.de\/wp-content\/uploads\/2023\/03\/TEASER2-768x578.jpg 768w, https:\/\/www.atreus.de\/wp-content\/uploads\/2023\/03\/TEASER2-480x361.jpg 480w\" sizes=\"(max-width: 1024px) 100vw, 1024px\" style=\"aspect-ratio:823\/619 !important\" title=\"atreus_\"><\/div><div class=\"preheadline-container\"><div class=\"zw-breadcrumb-container black-color d-md-down-none\"><\/div><p class=\" zw-cgb preheadline zw-prevent-animation\">Atreus dans les m\u00e9dias<\/p><h1 class=\" zw-cgb headline zw-prevent-animation\">Aucune entreprise ne peut faire l\u2019impasse sur le th\u00e8me de la durabilit\u00e9 \u2014 Un agenda coh\u00e9rent cr\u00e9e de la valeur et r\u00e9duit les risques<\/h1><\/div><\/div><\/div><\/div><\/div><div class=\"zw-breadcrumb-container black-color d-none d-md-down-block\"><nav aria-label=\"breadcrumbs\" class=\"rank-math-breadcrumb\"><p><span class=\"label\">c<\/span> <a href=\"https:\/\/www.atreus.de\/fr\">Home<\/a><span class=\"separator\"> c <\/span><a href=\"https:\/\/www.atreus.de\/fr\/publications-et-evenements\/mediatheque\/\">Actualit\u00e9s<\/a><span class=\"separator\"> c <\/span><span class=\"last\"><\/span><\/p><\/nav><\/div><div class=\"post-meta-info-container in-blog-post\"><div class=\"in-blog-post post-read-time\"><p class=\"zw-cgb fulltext\"><i class=\"far fa-clock\"><\/i>3 temps de lecture min<\/p><\/div><div class=\"post-rating-container d-none\"><!-- FeedbackWP Plugin - Results Widget --><div  class=\"rmp-results-widget js-rmp-results-widget js-rmp-results-widget--524345 \"  data-post-id=\"524345\">  <div class=\"rmp-results-widget__visual-rating\">    <i class=\"js-rmp-results-icon rmp-icon rmp-icon--ratings rmp-icon--star \"><\/i><i class=\"js-rmp-results-icon rmp-icon rmp-icon--ratings rmp-icon--star \"><\/i><i class=\"js-rmp-results-icon rmp-icon rmp-icon--ratings rmp-icon--star \"><\/i><i class=\"js-rmp-results-icon rmp-icon rmp-icon--ratings rmp-icon--star \"><\/i><i class=\"js-rmp-results-icon rmp-icon rmp-icon--ratings rmp-icon--star \"><\/i>  <\/div>  <div class=\"rmp-results-widget__avg-rating\">    <span class=\"js-rmp-avg-rating\">          <\/span>  <\/div>  <div class=\"rmp-results-widget__vote-count\">    (<span class=\"js-rmp-vote-count\"><\/span>)  <\/div><\/div> <\/div><div class=\"post-social-share\"><div class=\"zw-social-share dropdown show\">\r\n        <a class=\"zw-social-share-toggler\" href=\"#\" role=\"button\" id=\"dropdownMenuLink\" data-toggle=\"dropdown\" aria-haspopup=\"true\" aria-expanded=\"false\">\r\n        <i class=\"fas fa-share-alt\"><\/i><span class=\"zw-share-meta\">Partager<\/span>\r\n        <\/a>\r\n        <div class=\"zw-share-dropdown-menu dropdown-menu\" aria-labelledby=\"dropdownMenuLink\"><div class=\"dropdown-inner\"><p class=\"zw-share-heading fulltext\">Partager<\/p><a class=\"zw-social-share-toggler fulltext\" href=\"#\" role=\"button\" id=\"dropdownMenuLink\" data-toggle=\"dropdown\" aria-label=\"Close\">\u2715<\/a><div class=\"social-inner-icons\"><a class=\"dropdown-item \" target=\"_blank\" rel=\"nofollow\" href=\"https:\/\/www.linkedin.com\/cws\/share?url=https%3A%2F%2Fwww.atreus.de%2Ffr%2Fatreus-dans-les-medias%2Faucune-entreprise-ne-peut-ignorer-le-theme-de-la-durabilite%2F&amp;title=Aucune+entreprise+ne+peut+ignorer+la+question+du+d%C3%A9veloppement+durable\"><i class=\"fab fa-linkedin fa-fw\"><\/i><\/a><a class=\"dropdown-item \" target=\"_blank\" rel=\"nofollow\" href=\"https:\/\/www.xing.com\/spi\/shares\/new?url=https%3A%2F%2Fwww.atreus.de%2Ffr%2Fatreus-dans-les-medias%2Faucune-entreprise-ne-peut-ignorer-le-theme-de-la-durabilite%2F\"><i class=\"fab fa-xing fa-fw\"><\/i><\/a><a class=\"dropdown-item \" target=\"_blank\" rel=\"nofollow\" href=\"https:\/\/www.facebook.com\/sharer\/sharer.php?u=https%3A%2F%2Fwww.atreus.de%2Ffr%2Fatreus-dans-les-medias%2Faucune-entreprise-ne-peut-ignorer-le-theme-de-la-durabilite%2F&amp;t=Aucune+entreprise+ne+peut+ignorer+la+question+du+d%C3%A9veloppement+durable\"><i class=\"fab fa-facebook-square fa-fw\"><\/i><\/a><a class=\"dropdown-item \"  target=\"_blank\" rel=\"nofollow\" href=\"https:\/\/twitter.com\/intent\/tweet?url=https%3A%2F%2Fwww.atreus.de%2Ffr%2Fatreus-dans-les-medias%2Faucune-entreprise-ne-peut-ignorer-le-theme-de-la-durabilite%2F&amp;text=Aucune+entreprise+ne+peut+ignorer+la+question+du+d%C3%A9veloppement+durable\"><i class=\"fab fa-twitter fa-fw\"><\/i><\/a>  <\/div><\/div><\/div>\r\n    <\/div><\/div><div class=\"post-rating-block\"><!-- Rate my Post Plugin --><div  class=\"rmp-widgets-container rmp-wp-plugin rmp-main-container js-rmp-widgets-container my-0 js-rmp-widgets-container--524345 \"  data-post-id=\"524345\">    <!-- Rating widget -->  <div class=\"rmp-rating-widget js-rmp-rating-widget py-0\">    <div class=\"rmp-rating-widget__icons my-0\">      <div class=\"btn btn-primary\" onclick=\"zw_show_rating_stars(jQuery(this))\">\u00c9valuez nous<\/div>      <ul class=\"rmp-rating-widget__icons-list js-rmp-rating-icons-list d-none\">                  <li class=\"rmp-rating-widget__icons-list__icon js-rmp-rating-item\" data-descriptive-rating=\"Not at all useful\" data-value=\"1\">            <i class=\"js-rmp-rating-icon rmp-icon rmp-icon--ratings rmp-icon--star\"><\/i>          <\/li>                  <li class=\"rmp-rating-widget__icons-list__icon js-rmp-rating-item\" data-descriptive-rating=\"Somewhat useful\" data-value=\"2\">            <i class=\"js-rmp-rating-icon rmp-icon rmp-icon--ratings rmp-icon--star\"><\/i>          <\/li>                  <li class=\"rmp-rating-widget__icons-list__icon js-rmp-rating-item\" data-descriptive-rating=\"Useful\" data-value=\"3\">            <i class=\"js-rmp-rating-icon rmp-icon rmp-icon--ratings rmp-icon--star\"><\/i>          <\/li>                  <li class=\"rmp-rating-widget__icons-list__icon js-rmp-rating-item\" data-descriptive-rating=\"Fairly useful\" data-value=\"4\">            <i class=\"js-rmp-rating-icon rmp-icon rmp-icon--ratings rmp-icon--star\"><\/i>          <\/li>                  <li class=\"rmp-rating-widget__icons-list__icon js-rmp-rating-item\" data-descriptive-rating=\"Very useful\" data-value=\"5\">            <i class=\"js-rmp-rating-icon rmp-icon rmp-icon--ratings rmp-icon--star\"><\/i>          <\/li>              <\/ul>    <\/div>    <button class=\"rmp-rating-widget__submit-btn rmp-btn js-submit-rating-btn my-0\">      Submit Rating    <\/button>    <p class=\"rmp-rating-widget__not-rated js-rmp-not-rated my-0 rmp-rating-widget__not-rated--hidden\">      No votes so far! Be the first to rate this post.    <\/p>    <p class=\"rmp-rating-widget__msg js-rmp-msg black-color my-0\"><\/p>  <\/div>  <!--Structured data -->    <\/div><\/div><\/div>\n\n\n    <div  class=\"zw-cgb  textblock black-color zw-content-pos-center  default-margin \">\n      <div class=\"row\">\n        <div class=\"zw-cgb-content col-12 g-0\">\n          <p class=\" zw-cgb fulltext \"><strong>Dans le journal B\u00f6rsen-Zeitung, le Managing Partner et directeur g\u00e9n\u00e9ral d\u2019Atreus, Harald Linn\u00e9, et le directeur d\u2019Atreus, Robert Minge, expliquent dans quelle mesure la pertinence croissante de la durabilit\u00e9 devient une partie int\u00e9grante de l\u2019\u00e9valuation des entreprises.<\/strong><\/p>        <\/div>\n      <\/div>\n    <\/div>\n\n\n\n\n\n\n    <div  class=\"zw-cgb  textblock black-color zw-content-pos-center  default-margin \">\n      <div class=\"row\">\n        <div class=\"zw-cgb-content col-12 g-0\">\n          <h2 class=\"zw-cgb headline \">L\u2019importance croissante de l\u2019environnement, de la responsabilit\u00e9 sociale et de la gouvernance dans la strat\u00e9gie d\u2019entreprise<\/h2><p class=\" zw-cgb fulltext \">Les th\u00e8mes ESG (Environnement, Responsabilit\u00e9 Sociale, Gouvernance) sont de plus en plus mis en avant par les exigences de la politique, de la soci\u00e9t\u00e9 et des acteurs du march\u00e9. En cons\u00e9quence, la responsabilit\u00e9 sociale et la protection de l\u2019environnement sont de plus en plus int\u00e9gr\u00e9es dans la strat\u00e9gie de l\u2019entreprise. Ce changement dans l\u2019agenda strat\u00e9gique a des r\u00e9percussions importantes sur l\u2019activit\u00e9 \u00e9conomique en g\u00e9n\u00e9ral et plus particuli\u00e8rement sur les d\u00e9cisions d\u2019investissement et d\u2019activit\u00e9s boursi\u00e8res. Les mesures de durabilit\u00e9 des entreprises sont davantage consid\u00e9r\u00e9es comme des facteurs moteurs de leur valeur d\u2019entreprise, ayant pour cons\u00e9quence des attentes plus \u00e9lev\u00e9es de la part des organes de surveillance et de direction.<\/p>        <\/div>\n      <\/div>\n    <\/div>\n\n\n\n\n    <div  class=\"zw-cgb  textblock black-color zw-content-pos-center  default-margin \">\n      <div class=\"row\">\n        <div class=\"zw-cgb-content col-12 g-0\">\n          <h2 class=\"zw-cgb headline \"><strong>La lutte contre l\u2019\u00e9coblanchiment<\/strong><\/h2><p class=\" zw-cgb fulltext \">De plus, la l\u00e9gislation internationale, comme le Green Deal de l\u2019UE ou la loi allemande sur la cha\u00eene d\u2019approvisionnement, oblige les entreprises \u00e0 accorder de plus en plus d\u2019importance aux activit\u00e9s ESG. Ainsi, les tromperies ou les strat\u00e9gies d\u2019\u00e9coblanchiment sont de plus en plus s\u00e9v\u00e8rement sanctionn\u00e9es. Par cons\u00e9quent, des indicateurs sp\u00e9cifiques \u00e0 l\u2019entreprise sont d\u00e9finis afin de garantir une orientation durable et orient\u00e9e vers l\u2019avenir et de mesurer la contribution de chaque entreprise \u00e0 l\u2019am\u00e9lioration de l\u2019environnement.<\/p>        <\/div>\n      <\/div>\n    <\/div>\n\n\n\n\n    <div  class=\"zw-cgb  textblock black-color zw-content-pos-center  default-margin \">\n      <div class=\"row\">\n        <div class=\"zw-cgb-content col-12 g-0\">\n          <h2 class=\"zw-cgb headline \"><strong>La l\u00e9gislation sur la durabilit\u00e9, moteur d\u2019une plus grande responsabilit\u00e9 dans la cha\u00eene d\u2019approvisionnement<\/strong><\/h2><p class=\" zw-cgb fulltext \">Les modifications de la loi visent \u00e0 augmenter non seulement la performance de l\u2019entreprise en mati\u00e8re de durabilit\u00e9, mais aussi celle des fournisseurs et des clients. Il s\u2019agit notamment des investissements dans les mesures de protection du travail ou des obligations environnementales impos\u00e9es par la technologie.<\/p>        <\/div>\n      <\/div>\n    <\/div>\n\n\n\n\r\n    <div  class=\"zw-cgb  intern-zitat-style  zitat-block black-color default-margin default-padding \">\r\n      <div class=\"row zitat-row\">\r\n        <div class=\" image-container g-0 order-1  col-menu-5 col-12 \">\r\n          <a href=\"https:\/\/www.atreus.de\/fr\/equipe\/robert-minge\/\">          <div class=\"img-with-gradient\">\r\n\r\n            <span class=\"copyright-image\"><\/span><img decoding=\"async\" loading=\"lazy\" alt=\"atreus_\" src=\"https:\/\/www.atreus.de\/wp-content\/uploads\/2023\/07\/min-ro-v1.png\" srcset=\"https:\/\/www.atreus.de\/wp-content\/uploads\/2023\/07\/min-ro-v1.png 555w, https:\/\/www.atreus.de\/wp-content\/uploads\/2023\/07\/min-ro-v1-480x600.png 480w\" sizes=\"(max-width: 1024px) 100vw, 1024px\" style=\"aspect-ratio:555\/694 !important\" title=\"atreus_\">            <div class=\"linear-gradient-container\"><\/div>\r\n          <\/div>\r\n\r\n\r\n\r\n          <div class=\"zitat-img-text-container\"><div class=\"zitat-name-container fulltext\"><span>Robert  Minge<\/span><\/div><div class=\"zitat-discription-container fulltext\"><span>Partenaire\r\n<\/span><\/div><\/div>          <\/a>        <\/div>\r\n        <div class=\"g-0 zitat-text-container order-2 col-menu-7 col-12 \">\r\n          <div class=\"zitat-text\"><span class=\"zitat-start-icon atreus-font\">D<\/span><p class=\"zw-cgb fulltext\">\u201eOutre l\u2019exigence \u00ab&nbsp;classique&nbsp;\u00bb de neutralit\u00e9 climatique, des solutions innovantes pour une \u00e9conomie circulaire et respectueuse des ressources seront demand\u00e9es\u201c<\/p><\/div>                  <\/div>\r\n\r\n      <\/div>\r\n    <\/div>\r\n\n\n\n    <div  class=\"zw-cgb  textblock black-color zw-content-pos-center  default-margin \">\n      <div class=\"row\">\n        <div class=\"zw-cgb-content col-12 g-0\">\n          <h2 class=\"zw-cgb headline \"><strong><strong>Les d\u00e9fis de l\u2019\u00e9valuation ESG des entreprises<\/strong><\/strong><\/h2><p class=\" zw-cgb fulltext \">L\u2019int\u00e9gration de mesures de durabilit\u00e9 dans l\u2019agenda de l\u2019entreprise a un impact financier sur les flux de tr\u00e9sorerie futurs et doit donc \u00eatre prise en compte dans l\u2019\u00e9valuation des entreprises. Il est toutefois difficile de quantifier l\u2019impact exact des diff\u00e9rentes mesures ESG, car tous les investissements en mati\u00e8re de durabilit\u00e9 ne se traduisent pas directement par des avantages financiers clairs. Si les effets directs sur les investissements sont g\u00e9n\u00e9ralement faciles \u00e0 d\u00e9limiter, les effets indirects repr\u00e9sentent un d\u00e9fi plus important.<\/p>        <\/div>\n      <\/div>\n    <\/div>\n\n\n\n\n    <div  class=\"zw-cgb  textblock black-color zw-content-pos-center  default-margin \">\n      <div class=\"row\">\n        <div class=\"zw-cgb-content col-12 g-0\">\n          <h2 class=\"zw-cgb headline \"><strong><strong><strong>Lier les connaissances financi\u00e8res et la strat\u00e9gie d\u2019entreprise pour une \u00e9valuation pr\u00e9cise<\/strong><\/strong><\/strong><\/h2><p class=\" zw-cgb fulltext \">Pour parvenir \u00e0 une \u00e9valuation pr\u00e9cise de l\u2019entreprise, les connaissances financi\u00e8res et la strat\u00e9gie globale de l\u2019entreprise doivent \u00eatre \u00e9troitement li\u00e9es. Toutefois, l\u2019\u00e9valuation et la gestion d\u2019entreprise ne sont pas toujours sur la m\u00eame longueur d\u2019onde. Un business plan solide, des objectifs strat\u00e9giques et une \u00e9quipe solide sont essentiels pour que les entreprises puissent atteindre les objectifs pr\u00e9vus dans le contexte \u00e9conomique et g\u00e9opolitique complexe d\u2019aujourd\u2019hui.<\/p>        <\/div>\n      <\/div>\n    <\/div>\n\n\n\n\n    <div  class=\"zw-cgb  textblock black-color zw-content-pos-center  default-margin \">\n      <div class=\"row\">\n        <div class=\"zw-cgb-content col-12 g-0\">\n          <h2 class=\"zw-cgb headline \"><strong><strong><strong><strong>La strat\u00e9gie de durabilit\u00e9 comme facteur de r\u00e9ussite<\/strong><\/strong><\/strong><\/strong><\/h2><p class=\" zw-cgb fulltext \">Les entreprises ayant une strat\u00e9gie de durabilit\u00e9 claire ont des risques plus faibles \u00e0 long terme, une croissance des b\u00e9n\u00e9fices plus \u00e9lev\u00e9e, un meilleur retour sur investissement et des dividendes plus \u00e9lev\u00e9s. De nombreux dirigeants s\u2019accordent \u00e0 dire que la mise en \u0153uvre d\u2019exigences de durabilit\u00e9 am\u00e9liore la valeur de l\u2019entreprise et ses performances financi\u00e8res. La direction et les cadres sup\u00e9rieurs ont une influence d\u00e9cisive sur la mise en \u0153uvre de l\u2019agenda de durabilit\u00e9 par le biais de priorit\u00e9s et de d\u00e9cisions.<\/p>        <\/div>\n      <\/div>\n    <\/div>\n\n\n\n\r\n    <div  class=\"zw-cgb  intern-zitat-style  zitat-block black-color default-margin default-padding \">\r\n      <div class=\"row zitat-row\">\r\n        <div class=\" image-container g-0 order-1  col-menu-5 col-12 \">\r\n          <a href=\"https:\/\/www.atreus.de\/fr\/equipe\/dr-harald-linne\/\">          <div class=\"img-with-gradient\">\r\n\r\n            <span class=\"copyright-image\"><\/span><img decoding=\"async\" loading=\"lazy\" alt=\"atreus_\" src=\"https:\/\/www.atreus.de\/wp-content\/uploads\/2023\/07\/lin-ha-dr-v3.png\" srcset=\"https:\/\/www.atreus.de\/wp-content\/uploads\/2023\/07\/lin-ha-dr-v3.png 555w, https:\/\/www.atreus.de\/wp-content\/uploads\/2023\/07\/lin-ha-dr-v3-480x600.png 480w\" sizes=\"(max-width: 1024px) 100vw, 1024px\" style=\"aspect-ratio:555\/694 !important\" title=\"atreus_\">            <div class=\"linear-gradient-container\"><\/div>\r\n          <\/div>\r\n\r\n\r\n\r\n          <div class=\"zitat-img-text-container\"><div class=\"zitat-name-container fulltext\"><span>Dr. Harald  Linn\u00e9<\/span><\/div><div class=\"zitat-discription-container fulltext\"><span>Directeur g\u00e9n\u00e9ral<\/span><\/div><\/div>          <\/a>        <\/div>\r\n        <div class=\"g-0 zitat-text-container order-2 col-menu-7 col-12 \">\r\n          <div class=\"zitat-text\"><span class=\"zitat-start-icon atreus-font\">D<\/span><p class=\"zw-cgb fulltext\">\u201eLa direction et les cadres sont responsables de l\u2019int\u00e9gration de l\u2019ESG dans la culture d\u2019entreprise\u201c<\/p><\/div>                  <\/div>\r\n\r\n      <\/div>\r\n    <\/div>\r\n\n\n\n    <div  class=\"zw-cgb  textblock black-color zw-content-pos-center  default-margin \">\n      <div class=\"row\">\n        <div class=\"zw-cgb-content col-12 g-0\">\n          <h2 class=\"zw-cgb headline \"><strong><strong><strong><strong>Le top management, moteur de l\u2019int\u00e9gration ESG et de l\u2019orientation globale<\/strong><\/strong><\/strong><\/strong><\/h2><p class=\" zw-cgb fulltext \">Le top management a la responsabilit\u00e9 de faire en sorte que l\u2019ESG fasse partie int\u00e9grante de la culture d\u2019entreprise. Cela permet de mettre en place des programmes qui permettent \u00e0 l\u2019ensemble du personnel de cro\u00eetre de mani\u00e8re rentable et de participer \u00e0 la r\u00e9ussite globale. Une orientation globale du portefeuille de produits et de services vers l\u2019avenir, dans le sens d\u2019une utilit\u00e9 accrue pour le client, est d\u00e9cisive pour une transformation r\u00e9ussie.<\/p>        <\/div>\n      <\/div>\n    <\/div>\n\n\n\n\n    <div  class=\"zw-cgb  textblock black-color zw-content-pos-center  default-margin \">\n      <div class=\"row\">\n        <div class=\"zw-cgb-content col-12 g-0\">\n          <p class=\" zw-cgb fulltext \"><strong>Source&nbsp;: B\u00f6rsen-Zeitung<\/strong>, suppl\u00e9ment du 18\/03\/2023<\/p><p class=\" zw-cgb fulltext \">Pour lire l\u2019article complet, veuillez cliquer sur le bouton ci-dessous et s\u00e9lectionner le titre de l\u2019encart \u00ab&nbsp;Am Thema Nachhaltigkeit kommt kein Unternehmen vorbei&nbsp;\u00bb (en allemand uniquement).<\/p><div class=\"zw-cgb unspecified\">\n    <div  class=\"zw-cgb  buttonBlock black-color default-margin \">\n      <div class=\"row\">\n        <div class=\"col-12 g-0\">\n          <div class=\"zw-button-container center\"><div class=\"zw-cgb zw-cgb-button-container \"><a class=\"zw-cgb btn btn-primary \" href=\"https:\/\/daten.boersen-zeitung.de\/index.php?li=312&amp;subm=sonderbeilagen&amp;jahr=2023&amp;sonderbeilage=Nachhaltigkeit&amp;datum=2023-03-18\" target=\"_blank\" rel=\"noopener\">Vers l\u2019article<\/a><\/div><\/div>        <\/div>\n      <\/div>\n    <\/div>\n\n<\/div>        <\/div>\n      <\/div>\n    <\/div>\n\n\n\n\n<div style=\"height:100px\" aria-hidden=\"true\" class=\"wp-block-spacer\"><\/div>\n\n\n    <div  class=\"zw-cgb    infoblock default-margin black-color  \">\n      <div class=\" row\">\n        <div class=\"zw-cgb-content has-padding col-12\">\n          <div class=\"preheadline-container parent-has-padding\"><p class=\" zw-cgb preheadline ' .  . '\">Vos contacts<\/p><\/div><div class=\"inner-content parent-has-padding\"><p class=\" zw-cgb fulltext \">restent \u00e0 votre enti\u00e8re disposition et se feront un plaisir de r\u00e9pondre \u00e0 vos questions.<\/p><div class=\"link-container\"><\/div><\/div>        <\/div>\n      <\/div>\n    <\/div>\n\n\n<div id=\"parent54710\"class=\"zw-cgb speaker-160 team-member black-colordefault-margin \"><div class=\"zw-cgb-content member-row row\">\r\n\r\n    <div class=\"col-menu-3 col-lg-4 col-md-6 col-12 single-team-member px-0 intern-view \">\r\n    <a href=\"https:\/\/www.atreus.de\/fr\/equipe\/dr-harald-linne\/\">\r\n\r\n    <div class=\" image-container g-0\">\r\n      <div class=\"img-with-gradient\">\r\n\r\n        <img decoding=\"async\" loading=\"lazy\" alt=\"atreus_\" src=\"https:\/\/www.atreus.de\/wp-content\/uploads\/2023\/07\/lin-ha-dr-v3.png\" srcset=\"https:\/\/www.atreus.de\/wp-content\/uploads\/2023\/07\/lin-ha-dr-v3.png 555w, https:\/\/www.atreus.de\/wp-content\/uploads\/2023\/07\/lin-ha-dr-v3-480x600.png 480w\" sizes=\"(max-width: 1024px) 100vw, 1024px\" style=\"aspect-ratio:555\/694 !important\" title=\"atreus_\">        <div class=\"linear-gradient-container\"><\/div>\r\n      <\/div>\r\n\r\n      <\/a>      <div class=\"team-member-content\"><div class=\"team-member-name fulltext\"><a href=\"https:\/\/www.atreus.de\/fr\/equipe\/dr-harald-linne\/\"><span>Dr. Harald  Linn\u00e9<\/span><\/a><\/div><div class=\"team-member-description fulltext\"><a href=\"https:\/\/www.atreus.de\/fr\/equipe\/dr-harald-linne\/\"><span>Directeur g\u00e9n\u00e9ral<\/span><\/a><\/div><div class=\"team-member-phone\"><a href=\"tel:+49 89 452249-200\"><span>+49 89 452249-200<\/span><\/a><\/div><div class=\"team-member-icon-container\"><div class=\"team-member-email\"><a class=\"atreus-font\" href=\"mailto:Harald.Linne@atreus.de\">h<\/a><\/div><div class=\"team-member-linkedin\"><a class=\"atreus-font\" target=\"_blank\" href=\"https:\/\/de.linkedin.com\/in\/harald-linne\" rel=\"noopener\">3<\/a><\/div><\/div><\/div>    <\/div>\r\n\r\n    <\/div>\r\n\r\n\r\n\r\n    <div class=\"col-menu-3 col-lg-4 col-md-6 col-12 single-team-member px-0 intern-view \">\r\n    <a href=\"https:\/\/www.atreus.de\/fr\/equipe\/robert-minge\/\">\r\n\r\n    <div class=\" image-container g-0\">\r\n      <div class=\"img-with-gradient\">\r\n\r\n        <img decoding=\"async\" loading=\"lazy\" alt=\"atreus_\" src=\"https:\/\/www.atreus.de\/wp-content\/uploads\/2023\/07\/min-ro-v1.png\" srcset=\"https:\/\/www.atreus.de\/wp-content\/uploads\/2023\/07\/min-ro-v1.png 555w, https:\/\/www.atreus.de\/wp-content\/uploads\/2023\/07\/min-ro-v1-480x600.png 480w\" sizes=\"(max-width: 1024px) 100vw, 1024px\" style=\"aspect-ratio:555\/694 !important\" title=\"atreus_\">        <div class=\"linear-gradient-container\"><\/div>\r\n      <\/div>\r\n\r\n      <\/a>      <div class=\"team-member-content\"><div class=\"team-member-name fulltext\"><a href=\"https:\/\/www.atreus.de\/fr\/equipe\/robert-minge\/\"><span>Robert  Minge<\/span><\/a><\/div><div class=\"team-member-description fulltext\"><a href=\"https:\/\/www.atreus.de\/fr\/equipe\/robert-minge\/\"><span>Partenaire\r\n<\/span><\/a><\/div><div class=\"team-member-phone\"><a href=\"tel:+49 89 452249-385\"><span>+49 89 452249-385<\/span><\/a><\/div><div class=\"team-member-icon-container\"><div class=\"team-member-email\"><a class=\"atreus-font\" href=\"mailto:Robert.Minge@atreus.de\">h<\/a><\/div><div class=\"team-member-linkedin\"><a class=\"atreus-font\" target=\"_blank\" href=\"https:\/\/www.linkedin.com\/in\/robert-minge\/\" rel=\"noopener\">3<\/a><\/div><\/div><\/div>    <\/div>\r\n\r\n    <\/div>\r\n\r\n<\/div><\/div>\n\n\n<div style=\"height:100px\" aria-hidden=\"true\" class=\"wp-block-spacer\"><\/div>\n\n\n    <div  class=\"zw-cgb  change-padding  infoblock default-margin black-color  \">\n      <div class=\" row\">\n        <div class=\"zw-cgb-content has-padding col-12\">\n          <div class=\"preheadline-container parent-has-padding\"><p class=\" zw-cgb preheadline ' .  . '\">Cet article pourrait \u00e9galement vous int\u00e9resser<\/p><\/div><div class=\"inner-content parent-has-padding\"><div class=\"link-container\"><\/div><\/div>        <\/div>\n      <\/div>\n    <\/div>\n\n\n\n    <div  class=\"zw-cgb  latestPosts default-margin \">\n      <div class=\"row zw-cgb-content\">\n        \n      <div  class=\"zw-cgb latestPostsContent px-0 col-12 post content-2-3  show-featured-image \">\n\n\n        <div class=\"image-container single-featured\"><a href=\"https:\/\/www.atreus.de\/fr\/atreus-dans-les-medias\/cybersecurite-pourquoi-les-entreprises-doivent-se-poser-la-question-de-la-mentalite\/\"><span class=\"copyright-image\"><\/span><img decoding=\"async\" loading=\"lazy\" alt=\"atreus_\" src=\"https:\/\/www.atreus.de\/wp-content\/uploads\/2023\/08\/teaser-4zu3-20230829-presseartikel-cybersecurity.jpg\" srcset=\"https:\/\/www.atreus.de\/wp-content\/uploads\/2023\/08\/teaser-4zu3-20230829-presseartikel-cybersecurity.jpg 823w, https:\/\/www.atreus.de\/wp-content\/uploads\/2023\/08\/teaser-4zu3-20230829-presseartikel-cybersecurity-768x578.jpg 768w, https:\/\/www.atreus.de\/wp-content\/uploads\/2023\/08\/teaser-4zu3-20230829-presseartikel-cybersecurity-480x361.jpg 480w\" sizes=\"(max-width: 1024px) 100vw, 1024px\" style=\"aspect-ratio:823\/619 !important\" title=\"atreus_\"><\/a><\/div><div class=\"image-container double-featured\"><a href=\"https:\/\/www.atreus.de\/fr\/atreus-dans-les-medias\/cybersecurite-pourquoi-les-entreprises-doivent-se-poser-la-question-de-la-mentalite\/\"><span class=\"copyright-image\"><\/span><img decoding=\"async\" loading=\"lazy\" alt=\"atreus_\" src=\"https:\/\/www.atreus.de\/wp-content\/uploads\/2023\/08\/teaser-landscape-20230829-presseartikel-cybersecurity.jpg\" srcset=\"https:\/\/www.atreus.de\/wp-content\/uploads\/2023\/08\/teaser-landscape-20230829-presseartikel-cybersecurity.jpg 1098w, https:\/\/www.atreus.de\/wp-content\/uploads\/2023\/08\/teaser-landscape-20230829-presseartikel-cybersecurity-768x288.jpg 768w, https:\/\/www.atreus.de\/wp-content\/uploads\/2023\/08\/teaser-landscape-20230829-presseartikel-cybersecurity-1024x384.jpg 1024w, https:\/\/www.atreus.de\/wp-content\/uploads\/2023\/08\/teaser-landscape-20230829-presseartikel-cybersecurity-480x180.jpg 480w\" sizes=\"(max-width: 1024px) 100vw, 1024px\" style=\"aspect-ratio:1098\/412 !important\" title=\"atreus_\"><\/a><\/div>        <div class=\"content-container has-excerpt posttype-post blue-400 white-color\">\n          <div class=\"preheadline-container parent-has-padding\"><p class=\"zw-cgb preheadline\">Atreus dans les m\u00e9dias<\/p><\/div><a href=\"https:\/\/www.atreus.de\/fr\/atreus-dans-les-medias\/cybersecurite-pourquoi-les-entreprises-doivent-se-poser-la-question-de-la-mentalite\/\"><h2 class=\" zw-cgb headline\">Cybers\u00e9curit\u00e9&nbsp;: pourquoi les entreprises doivent se poser la question de la mentalit\u00e9<\/h2><\/a><p class=\" zw-cgb fulltext\">Dans un monde de plus en plus interconnect\u00e9, la cybers\u00e9curit\u00e9 n\u2019est plus une simple question de s\u00e9curit\u00e9, mais un imp\u00e9ratif op\u00e9rationnel. Uwe Gehrmann illustre comment les attaques quotidiennes de pirates informatiques peuvent avoir un impact \u00e9conomique important sur les entreprises. Une r\u00e9orientation fondamentale de &#8230;<\/p><div class=\"post-meta-info-container\"><div class=\"post-read-time\"><p class=\"zw-cgb fulltext\"><i class=\"far fa-clock\"><\/i>3 temps de lecture min<\/p><\/div><div class=\"post-rating-container d-none\"><!-- FeedbackWP Plugin - Results Widget --><div  class=\"rmp-results-widget js-rmp-results-widget js-rmp-results-widget--524314 \"  data-post-id=\"524314\">  <div class=\"rmp-results-widget__visual-rating\">    <i class=\"js-rmp-results-icon rmp-icon rmp-icon--ratings rmp-icon--star \"><\/i><i class=\"js-rmp-results-icon rmp-icon rmp-icon--ratings rmp-icon--star \"><\/i><i class=\"js-rmp-results-icon rmp-icon rmp-icon--ratings rmp-icon--star \"><\/i><i class=\"js-rmp-results-icon rmp-icon rmp-icon--ratings rmp-icon--star \"><\/i><i class=\"js-rmp-results-icon rmp-icon rmp-icon--ratings rmp-icon--star \"><\/i>  <\/div>  <div class=\"rmp-results-widget__avg-rating\">    <span class=\"js-rmp-avg-rating\">          <\/span>  <\/div>  <div class=\"rmp-results-widget__vote-count\">    (<span class=\"js-rmp-vote-count\"><\/span>)  <\/div><\/div> <\/div><div class=\"post-social-share\"><div class=\"zw-social-share dropdown show\">\r\n        <a class=\"zw-social-share-toggler\" href=\"#\" role=\"button\" id=\"dropdownMenuLink\" data-toggle=\"dropdown\" aria-haspopup=\"true\" aria-expanded=\"false\">\r\n        <i class=\"fas fa-share-alt\"><\/i><span class=\"zw-share-meta\">Partager<\/span>\r\n        <\/a>\r\n        <div class=\"zw-share-dropdown-menu dropdown-menu\" aria-labelledby=\"dropdownMenuLink\"><div class=\"dropdown-inner\"><p class=\"zw-share-heading fulltext\">Partager<\/p><a class=\"zw-social-share-toggler fulltext\" href=\"#\" role=\"button\" id=\"dropdownMenuLink\" data-toggle=\"dropdown\" aria-label=\"Close\">\u2715<\/a><div class=\"social-inner-icons\"><a class=\"dropdown-item \" target=\"_blank\" rel=\"nofollow\" href=\"https:\/\/www.linkedin.com\/cws\/share?url=https%3A%2F%2Fwww.atreus.de%2Ffr%2Fatreus-dans-les-medias%2Fcybersecurite-pourquoi-les-entreprises-doivent-se-poser-la-question-de-la-mentalite%2F&amp;title=Cybers%C3%A9curit%C3%A9%26nbsp%3B%3A+pourquoi+les+entreprises+doivent+se+poser+la+question+de+la+mentalit%C3%A9\"><i class=\"fab fa-linkedin fa-fw\"><\/i><\/a><a class=\"dropdown-item \" target=\"_blank\" rel=\"nofollow\" href=\"https:\/\/www.xing.com\/spi\/shares\/new?url=https%3A%2F%2Fwww.atreus.de%2Ffr%2Fatreus-dans-les-medias%2Fcybersecurite-pourquoi-les-entreprises-doivent-se-poser-la-question-de-la-mentalite%2F\"><i class=\"fab fa-xing fa-fw\"><\/i><\/a><a class=\"dropdown-item \" target=\"_blank\" rel=\"nofollow\" href=\"https:\/\/www.facebook.com\/sharer\/sharer.php?u=https%3A%2F%2Fwww.atreus.de%2Ffr%2Fatreus-dans-les-medias%2Fcybersecurite-pourquoi-les-entreprises-doivent-se-poser-la-question-de-la-mentalite%2F&amp;t=Cybers%C3%A9curit%C3%A9%26nbsp%3B%3A+pourquoi+les+entreprises+doivent+se+poser+la+question+de+la+mentalit%C3%A9\"><i class=\"fab fa-facebook-square fa-fw\"><\/i><\/a><a class=\"dropdown-item \" target=\"_blank\" rel=\"nofollow\" href=\"https:\/\/twitter.com\/intent\/tweet?url=https%3A%2F%2Fwww.atreus.de%2Ffr%2Fatreus-dans-les-medias%2Fcybersecurite-pourquoi-les-entreprises-doivent-se-poser-la-question-de-la-mentalite%2F&amp;text=Cybers%C3%A9curit%C3%A9%26nbsp%3B%3A+pourquoi+les+entreprises+doivent+se+poser+la+question+de+la+mentalit%C3%A9\"><i class=\"fab fa-twitter fa-fw\"><\/i><\/a>  <\/div><\/div><\/div>\r\n    <\/div><\/div><\/div><div class=\"zw-cgb zw-cgb-button-container \"><a href=\"https:\/\/www.atreus.de\/fr\/atreus-dans-les-medias\/cybersecurite-pourquoi-les-entreprises-doivent-se-poser-la-question-de-la-mentalite\/\" class=\"zw-cgb btn btn-primary \">Lire la suite<\/a><\/div>        <\/div>\n            <\/div>\n      <div class=\"zw-spacer px-0\"><\/div>\n        <\/div>\n    <\/div>\n\n","protected":false},"excerpt":{"rendered":"<div  class=\"zw-cgb header-standard-block  desktop-has-image mobile-has-image default-margin white-color content-right content-down zw-atr-portrait-pos-left-bottom zw-atr-landscape-pos-left-top height-default \">\n<div class=\"row\">\n<div class=\"zw-cgb-content col-12 mx-auto\">\n<div  class=\"header-standard-inner-container\">\n<div class=\"bg-image\"><span class=\"copyright-image d-none d-lg-block\"><\/span><img decoding=\"async\" class=\"respnsive-img d-none d-lg-block\" loading=\"lazy\" alt=\"\" src=\"https:\/\/www.atreus.de\/wp-content\/uploads\/2023\/03\/header-20230322-Gastbeitrag-HL-RM-Boersenzeitung.jpg\" srcset=\"https:\/\/www.atreus.de\/wp-content\/uploads\/2023\/03\/header-20230322-Gastbeitrag-HL-RM-Boersenzeitung.jpg 1920w, https:\/\/www.atreus.de\/wp-content\/uploads\/2023\/03\/header-20230322-Gastbeitrag-HL-RM-Boersenzeitung-768x432.jpg 768w, https:\/\/www.atreus.de\/wp-content\/uploads\/2023\/03\/header-20230322-Gastbeitrag-HL-RM-Boersenzeitung-1024x576.jpg 1024w, https:\/\/www.atreus.de\/wp-content\/uploads\/2023\/03\/header-20230322-Gastbeitrag-HL-RM-Boersenzeitung-480x270.jpg 480w, https:\/\/www.atreus.de\/wp-content\/uploads\/2023\/03\/header-20230322-Gastbeitrag-HL-RM-Boersenzeitung-1440x810.jpg 1440w\" sizes=\"(max-width: 1920px) 100vw, 1920px\"style='aspect-ratio:1920\/1080 !important'><span class=\"copyright-image d-lg-none d-block\"><\/span><img decoding=\"async\" class=\"responsive-img d-lg-none d-block\" loading=\"lazy\" alt=\"\" src=\"https:\/\/www.atreus.de\/wp-content\/uploads\/2023\/03\/TEASER2.jpg\" srcset=\"https:\/\/www.atreus.de\/wp-content\/uploads\/2023\/03\/TEASER2.jpg 823w, https:\/\/www.atreus.de\/wp-content\/uploads\/2023\/03\/TEASER2-768x578.jpg 768w, https:\/\/www.atreus.de\/wp-content\/uploads\/2023\/03\/TEASER2-480x361.jpg 480w\" sizes=\"(max-width: 1024px) 100vw, 1024px\"style='aspect-ratio:823\/619 !important'><\/div>\n<div class=\"preheadline-container\">\n<div class=\"zw-breadcrumb-container black-color d-md-down-none\"><\/div>\n<p class=\" zw-cgb preheadline zw-prevent-animation\">Atreus dans les m\u00e9dias<\/p>\n<h2 class=\" zw-cgb headline zw-prevent-animation\">Aucune entreprise ne peut faire l\u2019impasse sur le th\u00e8me de la durabilit\u00e9 \u2014 Un agenda coh\u00e9rent cr\u00e9e de la valeur et r\u00e9duit les risques<\/h2>\n<\/div>\n<\/div>\n<\/div>\n<\/div>\n<\/div>\n<div class=\"zw-breadcrumb-container black-color d-none d-md-down-block\">\n<nav aria-label=\"breadcrumbs\" class=\"rank-math-breadcrumb\">\n<p><span class=\"label\">c<\/span> <a href=\"https:\/\/www.atreus.de\/fr\">Home<\/a><span class=\"separator\"> c <\/span><a href=\"https:\/\/www.atreus.de\/fr\/publications-et-evenements\/mediatheque\/\">Actualit\u00e9s<\/a><span class=\"separator\"> c <\/span><span class=\"last\"><\/span><\/p>\n<\/nav>\n<\/div>\n<div class=\"post-meta-info-container in-blog-post\">\n<div class=\"in-blog-post post-read-time\">\n<p class=\"zw-cgb fulltext\"><i class=\"far fa-clock\"><\/i>3 temps de lecture min<\/p>\n<\/div>\n<div class=\"post-rating-container d-none\"><!-- FeedbackWP Plugin - Results Widget --><\/p>\n<div  class=\"rmp-results-widget js-rmp-results-widget js-rmp-results-widget--524345 \"  data-post-id=\"524345\">\n<div class=\"rmp-results-widget__visual-rating\">    <i class=\"js-rmp-results-icon rmp-icon rmp-icon--ratings rmp-icon--star \"><\/i><i class=\"js-rmp-results-icon rmp-icon rmp-icon--ratings rmp-icon--star \"><\/i><i class=\"js-rmp-results-icon rmp-icon rmp-icon--ratings rmp-icon--star \"><\/i><i class=\"js-rmp-results-icon rmp-icon rmp-icon--ratings rmp-icon--star \"><\/i><i class=\"js-rmp-results-icon rmp-icon rmp-icon--ratings rmp-icon--star \"><\/i>  <\/div>\n<div class=\"rmp-results-widget__avg-rating\">    <span class=\"js-rmp-avg-rating\">          <\/span>  <\/div>\n<div class=\"rmp-results-widget__vote-count\">    (<span class=\"js-rmp-vote-count\"><\/span>)  <\/div>\n<\/div><\/div>\n<div class=\"post-social-share\">\n<div class=\"zw-social-share dropdown show\">\n        <a class=\"zw-social-share-toggler\" href=\"#\" role=\"button\" id=\"dropdownMenuLink\" data-toggle=\"dropdown\" aria-haspopup=\"true\" aria-expanded=\"false\"><br \/>\n        <i class=\"fas fa-share-alt\"><\/i><span class=\"zw-share-meta\">Partager<\/span><br \/>\n        <\/a><\/p>\n<div class=\"zw-share-dropdown-menu dropdown-menu\" aria-labelledby=\"dropdownMenuLink\">\n<div class=\"dropdown-inner\">\n<p class=\"zw-share-heading fulltext\">Partager<\/p>\n<p><a class=\"zw-social-share-toggler fulltext\" href=\"#\" role=\"button\" id=\"dropdownMenuLink\" data-toggle=\"dropdown\" aria-label=\"Close\">\u2715<\/a><\/p>\n<div class=\"social-inner-icons\"><a class=\"dropdown-item \" target=\"_blank\" rel=\"nofollow\" href=\"https:\/\/www.linkedin.com\/cws\/share?url=https%3A%2F%2Fwww.atreus.de%2Ffr%2Fatreus-dans-les-medias%2Faucune-entreprise-ne-peut-ignorer-le-theme-de-la-durabilite%2F&amp;title=Aucune+entreprise+ne+peut+ignorer+la+question+du+d%C3%A9veloppement+durable\"><i class=\"fab fa-linkedin fa-fw\"><\/i><\/a><a class=\"dropdown-item \" target=\"_blank\" rel=\"nofollow\" href=\"https:\/\/www.xing.com\/spi\/shares\/new?url=https%3A%2F%2Fwww.atreus.de%2Ffr%2Fatreus-dans-les-medias%2Faucune-entreprise-ne-peut-ignorer-le-theme-de-la-durabilite%2F\"><i class=\"fab fa-xing fa-fw\"><\/i><\/a><a class=\"dropdown-item \" target=\"_blank\" rel=\"nofollow\" href=\"https:\/\/www.facebook.com\/sharer\/sharer.php?u=https%3A%2F%2Fwww.atreus.de%2Ffr%2Fatreus-dans-les-medias%2Faucune-entreprise-ne-peut-ignorer-le-theme-de-la-durabilite%2F&amp;t=Aucune+entreprise+ne+peut+ignorer+la+question+du+d%C3%A9veloppement+durable\"><i class=\"fab fa-facebook-square fa-fw\"><\/i><\/a><a class=\"dropdown-item \"  target=\"_blank\" rel=\"nofollow\" href=\"https:\/\/twitter.com\/intent\/tweet?url=https%3A%2F%2Fwww.atreus.de%2Ffr%2Fatreus-dans-les-medias%2Faucune-entreprise-ne-peut-ignorer-le-theme-de-la-durabilite%2F&amp;text=Aucune+entreprise+ne+peut+ignorer+la+question+du+d%C3%A9veloppement+durable\"><i class=\"fab fa-twitter fa-fw\"><\/i><\/a>  <\/div>\n<\/div>\n<\/div><\/div>\n<\/div>\n<div class=\"post-rating-block\"><!-- Rate my Post Plugin --><\/p>\n<div  class=\"rmp-widgets-container rmp-wp-plugin rmp-main-container js-rmp-widgets-container my-0 js-rmp-widgets-container--524345 \"  data-post-id=\"524345\">    <!-- Rating widget -->  <\/p>\n<div class=\"rmp-rating-widget js-rmp-rating-widget py-0\">\n<div class=\"rmp-rating-widget__icons my-0\">\n<div class=\"btn btn-primary\" onclick=\"zw_show_rating_stars(jQuery(this))\">\u00c9valuez nous<\/div>\n<ul class=\"rmp-rating-widget__icons-list js-rmp-rating-icons-list d-none\">\n<li class=\"rmp-rating-widget__icons-list__icon js-rmp-rating-item\" data-descriptive-rating=\"Not at all useful\" data-value=\"1\">            <i class=\"js-rmp-rating-icon rmp-icon rmp-icon--ratings rmp-icon--star\"><\/i>          <\/li>\n<li class=\"rmp-rating-widget__icons-list__icon js-rmp-rating-item\" data-descriptive-rating=\"Somewhat useful\" data-value=\"2\">            <i class=\"js-rmp-rating-icon rmp-icon rmp-icon--ratings rmp-icon--star\"><\/i>          <\/li>\n<li class=\"rmp-rating-widget__icons-list__icon js-rmp-rating-item\" data-descriptive-rating=\"Useful\" data-value=\"3\">            <i class=\"js-rmp-rating-icon rmp-icon rmp-icon--ratings rmp-icon--star\"><\/i>          <\/li>\n<li class=\"rmp-rating-widget__icons-list__icon js-rmp-rating-item\" data-descriptive-rating=\"Fairly useful\" data-value=\"4\">            <i class=\"js-rmp-rating-icon rmp-icon rmp-icon--ratings rmp-icon--star\"><\/i>          <\/li>\n<li class=\"rmp-rating-widget__icons-list__icon js-rmp-rating-item\" data-descriptive-rating=\"Very useful\" data-value=\"5\">            <i class=\"js-rmp-rating-icon rmp-icon rmp-icon--ratings rmp-icon--star\"><\/i>          <\/li>\n<\/ul><\/div>\n<p>    <button class=\"rmp-rating-widget__submit-btn rmp-btn js-submit-rating-btn my-0\">      Submit Rating    <\/button>    <\/p>\n<p class=\"rmp-rating-widget__not-rated js-rmp-not-rated my-0 rmp-rating-widget__not-rated--hidden\">      No votes so far! Be the first to rate this post.    <\/p>\n<p class=\"rmp-rating-widget__msg js-rmp-msg black-color my-0\">\n<\/p><\/div>\n<p>  <!--Structured data -->    <\/div>\n<\/div>\n<\/div>\n","protected":false},"author":12,"featured_media":327483,"comment_status":"closed","ping_status":"closed","sticky":false,"template":"","format":"standard","meta":{"_relevanssi_hide_post":"","_relevanssi_hide_content":"","_relevanssi_pin_for_all":"","_relevanssi_pin_keywords":"","_relevanssi_unpin_keywords":"","_relevanssi_related_keywords":"","_relevanssi_related_include_ids":"","_relevanssi_related_exclude_ids":"","_relevanssi_related_no_append":"","_relevanssi_related_not_related":"","_relevanssi_related_posts":"524314,524329,524337","_relevanssi_noindex_reason":"Rank Math Relevanssi index exclude","_zw_phone_override":"","footnotes":""},"categories":[721],"tags":[],"newsticker-publication":[],"competences":[682,687,685],"industry-sectors":[700],"typ-news":[723],"class_list":["post-524345","post","type-post","status-publish","format-standard","has-post-thumbnail","hentry","category-atreus-dans-les-medias","competences-direction-generale","competences-durabilite","competences-innovation-fr","industry-sectors-energie-et-environnement","typ-news-atreus-dans-les-medias"],"_links":{"self":[{"href":"https:\/\/www.atreus.de\/fr\/wp-json\/wp\/v2\/posts\/524345","targetHints":{"allow":["GET"]}}],"collection":[{"href":"https:\/\/www.atreus.de\/fr\/wp-json\/wp\/v2\/posts"}],"about":[{"href":"https:\/\/www.atreus.de\/fr\/wp-json\/wp\/v2\/types\/post"}],"author":[{"embeddable":true,"href":"https:\/\/www.atreus.de\/fr\/wp-json\/wp\/v2\/users\/12"}],"replies":[{"embeddable":true,"href":"https:\/\/www.atreus.de\/fr\/wp-json\/wp\/v2\/comments?post=524345"}],"version-history":[{"count":0,"href":"https:\/\/www.atreus.de\/fr\/wp-json\/wp\/v2\/posts\/524345\/revisions"}],"wp:featuredmedia":[{"embeddable":true,"href":"https:\/\/www.atreus.de\/fr\/wp-json\/wp\/v2\/media\/327483"}],"wp:attachment":[{"href":"https:\/\/www.atreus.de\/fr\/wp-json\/wp\/v2\/media?parent=524345"}],"wp:term":[{"taxonomy":"category","embeddable":true,"href":"https:\/\/www.atreus.de\/fr\/wp-json\/wp\/v2\/categories?post=524345"},{"taxonomy":"post_tag","embeddable":true,"href":"https:\/\/www.atreus.de\/fr\/wp-json\/wp\/v2\/tags?post=524345"},{"taxonomy":"newsticker-publication","embeddable":true,"href":"https:\/\/www.atreus.de\/fr\/wp-json\/wp\/v2\/newsticker-publication?post=524345"},{"taxonomy":"competences","embeddable":true,"href":"https:\/\/www.atreus.de\/fr\/wp-json\/wp\/v2\/competences?post=524345"},{"taxonomy":"industry-sectors","embeddable":true,"href":"https:\/\/www.atreus.de\/fr\/wp-json\/wp\/v2\/industry-sectors?post=524345"},{"taxonomy":"typ-news","embeddable":true,"href":"https:\/\/www.atreus.de\/fr\/wp-json\/wp\/v2\/typ-news?post=524345"}],"curies":[{"name":"wp","href":"https:\/\/api.w.org\/{rel}","templated":true}]}}